{"id":10015155,"global_id":"calendarioeventos.com\/en?id=10015155","global_id_lineage":["calendarioeventos.com\/en?id=10015155"],"author":"2","status":"publish","date":"2026-03-12 21:16:37","date_utc":"2026-03-12 21:16:37","modified":"2026-03-12 21:17:05","modified_utc":"2026-03-12 21:17:05","url":"https:\/\/calendarioeventos.com\/en\/evento\/jam-session-jam-sil-session\/2026-04-02\/","rest_url":"https:\/\/calendarioeventos.com\/en\/wp-json\/tribe\/events\/v1\/events\/10015155","title":"Jam Session &#8211; Jam SIL session","description":"<p>Jam Session &#8211; Jam SIL session en la Sala Drago (Antigua Sala tu Sitio), Telde, Gran Canaria.<\/p>\n<p>\ud83d\udcc5A partir del jueves 26 de marzo comienzan las Jam musicales de Sing Is Life.<br \/>\n\ud83c\udfb8Disfruta de la intervensi\u00f3n de distintos m\u00fasicos interpretando canciones emblem\u00e1ticas.<br \/>\n\ud83c\udfa4Si eres m\u00fasico y\/o cantante y deseas participar, puedes ingresar al grupo de whatsapp donde se establecen las canciones<br \/>\n\ud83d\udcf1<a href=\"https:\/\/chat.whatsapp.com\/JIZ0lXCnbjrH6GcGy1rNaX\">https:\/\/chat.whatsapp.com\/JIZ0lXCnbjrH6GcGy1rNaX<\/a><br \/>\n\ud83d\udcb6Entrada gratis si participas en, al menosuna cancion.<\/p>","excerpt":"","slug":"jam-session-jam-sil-session","image":{"url":"https:\/\/calendarioeventos.com\/wp-content\/uploads\/2026\/03\/Jam-SIL-session-CARTEL.avif","id":65853,"extension":"avif","width":1080,"height":1920,"filesize":181527,"sizes":{"medium":{"width":169,"height":300,"mime-type":"image\/avif","filesize":11579,"sources":{"image\/avif":{"file":"Jam-SIL-session-CARTEL-169x300.avif","filesize":11579}},"url":"https:\/\/calendarioeventos.com\/wp-content\/uploads\/2026\/03\/Jam-SIL-session-CARTEL-169x300.avif"},"large":{"width":576,"height":1024,"mime-type":"image\/avif","filesize":67793,"sources":{"image\/avif":{"file":"Jam-SIL-session-CARTEL-576x1024.avif","filesize":67793}},"url":"https:\/\/calendarioeventos.com\/wp-content\/uploads\/2026\/03\/Jam-SIL-session-CARTEL-576x1024.avif"},"thumbnail":{"width":150,"height":150,"mime-type":"image\/avif","filesize":5652,"sources":{"image\/avif":{"file":"Jam-SIL-session-CARTEL-150x150.avif","filesize":5652}},"url":"https:\/\/calendarioeventos.com\/wp-content\/uploads\/2026\/03\/Jam-SIL-session-CARTEL-150x150.avif"},"medium_large":{"width":768,"height":1365,"mime-type":"image\/avif","filesize":102138,"sources":{"image\/avif":{"file":"Jam-SIL-session-CARTEL-768x1365.avif","filesize":102138}},"url":"https:\/\/calendarioeventos.com\/wp-content\/uploads\/2026\/03\/Jam-SIL-session-CARTEL-768x1365.avif"},"1536x1536":{"width":864,"height":1536,"mime-type":"image\/avif","filesize":118570,"url":"https:\/\/calendarioeventos.com\/wp-content\/uploads\/2026\/03\/Jam-SIL-session-CARTEL-864x1536.avif"}},"original_image":"Jam-SIL-session-CARTEL.png","dominant_color":"383233","sources":{"image\/avif":{"file":"Jam-SIL-session-CARTEL.avif","filesize":181527}}},"all_day":false,"start_date":"2026-04-02 20:00:00","start_date_details":{"year":"2026","month":"04","day":"02","hour":"20","minutes":"00","seconds":"00"},"end_date":"2026-04-02 20:00:00","end_date_details":{"year":"2026","month":"04","day":"02","hour":"20","minutes":"00","seconds":"00"},"utc_start_date":"2026-04-02 19:00:00","utc_start_date_details":{"year":"2026","month":"04","day":"02","hour":"19","minutes":"00","seconds":"00"},"utc_end_date":"2026-04-02 19:00:00","utc_end_date_details":{"year":"2026","month":"04","day":"02","hour":"19","minutes":"00","seconds":"00"},"timezone":"Europe\/London","timezone_abbr":"GMT","cost":"5\u20ac","cost_details":{"currency_symbol":"\u20ac","currency_code":"EUR","currency_position":"suffix","values":["5"]},"website":"https:\/\/chat.whatsapp.com\/JIZ0lXCnbjrH6GcGy1rNaX","show_map":true,"show_map_link":true,"hide_from_listings":false,"sticky":false,"featured":false,"categories":[{"name":"Cultura","slug":"cultura","term_group":0,"term_taxonomy_id":39,"taxonomy":"tribe_events_cat","description":"","parent":0,"count":1913,"filter":"raw","id":39,"urls":{"self":"https:\/\/calendarioeventos.com\/en\/wp-json\/tribe\/events\/v1\/categories\/39","collection":"https:\/\/calendarioeventos.com\/en\/wp-json\/tribe\/events\/v1\/categories"}},{"name":"Jam Session","slug":"jam-session","term_group":0,"term_taxonomy_id":87,"taxonomy":"tribe_events_cat","description":"","parent":40,"count":32,"filter":"raw","id":87,"urls":{"self":"https:\/\/calendarioeventos.com\/en\/wp-json\/tribe\/events\/v1\/categories\/87","collection":"https:\/\/calendarioeventos.com\/en\/wp-json\/tribe\/events\/v1\/categories","up":"https:\/\/calendarioeventos.com\/en\/wp-json\/tribe\/events\/v1\/categories\/40"}},{"name":"M\u00fasica","slug":"musica","term_group":0,"term_taxonomy_id":40,"taxonomy":"tribe_events_cat","description":"","parent":39,"count":1961,"filter":"raw","id":40,"urls":{"self":"https:\/\/calendarioeventos.com\/en\/wp-json\/tribe\/events\/v1\/categories\/40","collection":"https:\/\/calendarioeventos.com\/en\/wp-json\/tribe\/events\/v1\/categories","up":"https:\/\/calendarioeventos.com\/en\/wp-json\/tribe\/events\/v1\/categories\/39"}},{"name":"Telde","slug":"telde","term_group":0,"term_taxonomy_id":134,"taxonomy":"tribe_events_cat","description":"","parent":50,"count":285,"filter":"raw","id":134,"urls":{"self":"https:\/\/calendarioeventos.com\/en\/wp-json\/tribe\/events\/v1\/categories\/134","collection":"https:\/\/calendarioeventos.com\/en\/wp-json\/tribe\/events\/v1\/categories","up":"https:\/\/calendarioeventos.com\/en\/wp-json\/tribe\/events\/v1\/categories\/50"}}],"tags":[{"name":"Gran Canaria","slug":"gran-canaria","term_group":0,"term_taxonomy_id":30,"taxonomy":"post_tag","description":"","parent":0,"count":5200,"filter":"raw","id":30,"urls":{"self":"https:\/\/calendarioeventos.com\/en\/wp-json\/tribe\/events\/v1\/tags\/30","collection":"https:\/\/calendarioeventos.com\/en\/wp-json\/tribe\/events\/v1\/tags"}},{"name":"Jam Session","slug":"jam-session","term_group":0,"term_taxonomy_id":86,"taxonomy":"post_tag","description":"","parent":0,"count":34,"filter":"raw","id":86,"urls":{"self":"https:\/\/calendarioeventos.com\/en\/wp-json\/tribe\/events\/v1\/tags\/86","collection":"https:\/\/calendarioeventos.com\/en\/wp-json\/tribe\/events\/v1\/tags"}},{"name":"M\u00fasica","slug":"musica","term_group":0,"term_taxonomy_id":33,"taxonomy":"post_tag","description":"","parent":0,"count":2135,"filter":"raw","id":33,"urls":{"self":"https:\/\/calendarioeventos.com\/en\/wp-json\/tribe\/events\/v1\/tags\/33","collection":"https:\/\/calendarioeventos.com\/en\/wp-json\/tribe\/events\/v1\/tags"}},{"name":"Telde","slug":"telde","term_group":0,"term_taxonomy_id":133,"taxonomy":"post_tag","description":"","parent":0,"count":275,"filter":"raw","id":133,"urls":{"self":"https:\/\/calendarioeventos.com\/en\/wp-json\/tribe\/events\/v1\/tags\/133","collection":"https:\/\/calendarioeventos.com\/en\/wp-json\/tribe\/events\/v1\/tags"}}],"venue":{"id":2371,"author":"1","status":"publish","date":"2025-03-20 00:00:00","date_utc":"2025-03-20 00:00:00","modified":"2025-03-20 00:00:00","modified_utc":"2025-03-20 00:00:00","url":"https:\/\/calendarioeventos.com\/en\/venue\/tu-sitio-es-tu-lugar\/","venue":"Tu Sitio es tu lugar","slug":"tu-sitio-es-tu-lugar","address":"C. Cruz de Ayala, 8, 35200 Telde, Las Palmas","city":"Telde","country":"Spain","province":"Las Palmas","json_ld":{"@type":"Place","name":"Tu Sitio es tu lugar","description":"","url":"https:\/\/calendarioeventos.com\/en\/venue\/tu-sitio-es-tu-lugar\/","address":{"@type":"PostalAddress","streetAddress":"C. Cruz de Ayala, 8, 35200 Telde, Las Palmas","addressLocality":"Telde","addressRegion":"Las Palmas","addressCountry":"Spain"},"telephone":"","sameAs":""},"show_map":true,"show_map_link":true,"global_id":"calendarioeventos.com\/en?id=2371","global_id_lineage":["calendarioeventos.com\/en?id=2371"]},"organizer":[{"id":2707,"author":"1","status":"publish","date":"2024-10-14 00:00:00","date_utc":"2024-10-13 23:00:00","modified":"2025-09-22 00:08:19","modified_utc":"2025-09-21 23:08:19","url":"https:\/\/calendarioeventos.com\/en\/organiser\/no-especificado\/","organizer":"No especificado","description":"<p>Organizador no especificado &#8211; por defecto<\/p>","slug":"no-especificado","json_ld":{"@type":"Person","name":"No especificado","description":"&lt;p&gt;Organizador no especificado - por defecto&lt;\/p&gt;\\n","url":"","telephone":"","email":"","sameAs":""},"global_id":"calendarioeventos.com\/en?id=2707","global_id_lineage":["calendarioeventos.com\/en?id=2707"]}],"custom_fields":[],"json_ld":{"@context":"http:\/\/schema.org","@type":"Event","name":"Jam Session &#8211; Jam SIL session","description":"&lt;p&gt;Jam Session - Jam SIL session en la Sala Drago (Antigua Sala tu Sitio), Telde, Gran Canaria. \ud83d\udcc5A partir del jueves 26 de marzo comienzan las Jam musicales de Sing [&hellip;]&lt;\/p&gt;\\n","image":"https:\/\/calendarioeventos.com\/wp-content\/uploads\/2026\/03\/Jam-SIL-session-CARTEL.avif","url":"https:\/\/calendarioeventos.com\/en\/evento\/jam-session-jam-sil-session\/2026-04-02\/","eventAttendanceMode":"https:\/\/schema.org\/OfflineEventAttendanceMode","eventStatus":"https:\/\/schema.org\/EventScheduled","startDate":"2026-04-02T20:00:00+01:00","endDate":"2026-04-02T20:00:00+01:00","location":{"@type":"Place","name":"Tu Sitio es tu lugar","description":"","url":"https:\/\/calendarioeventos.com\/en\/venue\/tu-sitio-es-tu-lugar\/","address":{"@type":"PostalAddress","streetAddress":"C. Cruz de Ayala, 8, 35200 Telde, Las Palmas","addressLocality":"Telde","addressRegion":"Las Palmas","addressCountry":"Spain"},"telephone":"","sameAs":""},"organizer":{"@type":"Person","name":"No especificado","description":"&lt;p&gt;Organizador no especificado - por defecto&lt;\/p&gt;\\n","url":"","telephone":"","email":"","sameAs":""},"offers":{"@type":"Offer","price":"5","priceCurrency":"EUR","url":"https:\/\/calendarioeventos.com\/en\/evento\/jam-session-jam-sil-session\/2026-04-02\/","category":"primary","availability":"inStock","validFrom":"2026-12-03T00:00:00+00:00"},"performer":"Organization"},"is_virtual":false,"virtual_url":null,"virtual_video_source":""}