{"id":45342,"global_id":"calendarioeventos.com\/en?id=45342","global_id_lineage":["calendarioeventos.com\/en?id=45342"],"author":"2","status":"publish","date":"2025-12-18 17:16:42","date_utc":"2025-12-18 17:16:42","modified":"2025-12-18 17:16:42","modified_utc":"2025-12-18 17:16:42","url":"https:\/\/calendarioeventos.com\/en\/evento\/jam-session-especial-reyes\/","rest_url":"https:\/\/calendarioeventos.com\/en\/wp-json\/tribe\/events\/v1\/events\/45342","title":"Jam Session Especial Reyes","description":"<p>Jam Session Especial Reyes en el Buenos Aires Jazz Caf\u00e9, Las Palmas Gran Canaria.<\/p>\n<p>Este 4 de enero celebramos la llegada de los Reyes Magos con una <strong>Jam Session \u00fanica en Argentina<\/strong>, pensada para darle inicio al 2026 con m\u00fasica, creaci\u00f3n colectiva y un esp\u00edritu festivo que invita a todos a ser parte. Ser\u00e1 una noche donde la improvisaci\u00f3n toma el mando y cada m\u00fasico, sin importar su estilo o trayectoria, puede aportar su energ\u00eda a un escenario vivo y en constante movimiento.<\/p>\n<p>A lo largo de la noche habr\u00e1 <strong>rotaci\u00f3n abierta de m\u00fasicos<\/strong>, fusiones espont\u00e1neas, solos intensos, combinaciones inesperadas y esa vibra especial que solo las jam sessions aut\u00e9nticas saben generar. Con la excusa de los Reyes, el ambiente se vuelve a\u00fan m\u00e1s c\u00e1lido: luces suaves, clima festivo, sorpresas y la sensaci\u00f3n de que cada intervenci\u00f3n puede transformarse en algo m\u00e1gico.<\/p>\n<p>Tanto si ven\u00eds a tocar, a cantar o simplemente a disfrutar, esta Jam Session promete una noche inolvidable. Acercate con tu instrumento, tu voz, tu grupo de amigos o tus ganas de descubrir nuevos sonidos.<\/p>\n<p><a href=\"https:\/\/buenosairesjazzcafe.com\/eventos\/jam-session-especial-reyes\/\">Consigue tu entrada en este enlace.<\/a><\/p>","excerpt":"","slug":"jam-session-especial-reyes","image":{"url":"https:\/\/calendarioeventos.com\/wp-content\/uploads\/2025\/12\/JAM-SESSION-GENERAL-SIN-FOTO-MUSICOS-27.avif","id":45343,"extension":"avif","width":1080,"height":1080,"filesize":140921,"sizes":{"medium":{"width":300,"height":300,"mime-type":"image\/avif","filesize":26095,"sources":{"image\/avif":{"file":"JAM-SESSION-GENERAL-SIN-FOTO-MUSICOS-27-300x300.avif","filesize":26095}},"url":"https:\/\/calendarioeventos.com\/wp-content\/uploads\/2025\/12\/JAM-SESSION-GENERAL-SIN-FOTO-MUSICOS-27-300x300.avif"},"large":{"width":1024,"height":1024,"mime-type":"image\/avif","filesize":114484,"sources":{"image\/avif":{"file":"JAM-SESSION-GENERAL-SIN-FOTO-MUSICOS-27-1024x1024.avif","filesize":114484}},"url":"https:\/\/calendarioeventos.com\/wp-content\/uploads\/2025\/12\/JAM-SESSION-GENERAL-SIN-FOTO-MUSICOS-27-1024x1024.avif"},"thumbnail":{"width":150,"height":150,"mime-type":"image\/avif","filesize":11931,"sources":{"image\/avif":{"file":"JAM-SESSION-GENERAL-SIN-FOTO-MUSICOS-27-150x150.avif","filesize":11931}},"url":"https:\/\/calendarioeventos.com\/wp-content\/uploads\/2025\/12\/JAM-SESSION-GENERAL-SIN-FOTO-MUSICOS-27-150x150.avif"},"medium_large":{"width":768,"height":768,"mime-type":"image\/avif","filesize":79872,"sources":{"image\/avif":{"file":"JAM-SESSION-GENERAL-SIN-FOTO-MUSICOS-27-768x768.avif","filesize":79872}},"url":"https:\/\/calendarioeventos.com\/wp-content\/uploads\/2025\/12\/JAM-SESSION-GENERAL-SIN-FOTO-MUSICOS-27-768x768.avif"},"cmplz_banner_image":{"width":350,"height":100,"mime-type":"image\/avif","filesize":13969,"url":"https:\/\/calendarioeventos.com\/wp-content\/uploads\/2025\/12\/JAM-SESSION-GENERAL-SIN-FOTO-MUSICOS-27-350x100.avif"}},"original_image":"JAM-SESSION-GENERAL-SIN-FOTO-MUSICOS-27.jpg","dominant_color":"442e1a","sources":{"image\/avif":{"file":"JAM-SESSION-GENERAL-SIN-FOTO-MUSICOS-27.avif","filesize":140921}}},"all_day":false,"start_date":"2026-01-04 20:30:00","start_date_details":{"year":"2026","month":"01","day":"04","hour":"20","minutes":"30","seconds":"00"},"end_date":"2026-01-04 22:00:00","end_date_details":{"year":"2026","month":"01","day":"04","hour":"22","minutes":"00","seconds":"00"},"utc_start_date":"2026-01-04 20:30:00","utc_start_date_details":{"year":"2026","month":"01","day":"04","hour":"20","minutes":"30","seconds":"00"},"utc_end_date":"2026-01-04 22:00:00","utc_end_date_details":{"year":"2026","month":"01","day":"04","hour":"22","minutes":"00","seconds":"00"},"timezone":"Europe\/London","timezone_abbr":"GMT","cost":"\u20ac6","cost_details":{"currency_symbol":"\u20ac","currency_code":"EUR","currency_position":"prefix","values":["6"]},"website":"https:\/\/buenosairesjazzcafe.com\/eventos\/jam-session-especial-reyes\/","show_map":false,"show_map_link":false,"hide_from_listings":false,"sticky":false,"featured":false,"categories":[{"name":"Cultura","slug":"cultura","term_group":0,"term_taxonomy_id":39,"taxonomy":"tribe_events_cat","description":"","parent":0,"count":1913,"filter":"raw","id":39,"urls":{"self":"https:\/\/calendarioeventos.com\/en\/wp-json\/tribe\/events\/v1\/categories\/39","collection":"https:\/\/calendarioeventos.com\/en\/wp-json\/tribe\/events\/v1\/categories"}},{"name":"Jam Session","slug":"jam-session","term_group":0,"term_taxonomy_id":87,"taxonomy":"tribe_events_cat","description":"","parent":40,"count":32,"filter":"raw","id":87,"urls":{"self":"https:\/\/calendarioeventos.com\/en\/wp-json\/tribe\/events\/v1\/categories\/87","collection":"https:\/\/calendarioeventos.com\/en\/wp-json\/tribe\/events\/v1\/categories","up":"https:\/\/calendarioeventos.com\/en\/wp-json\/tribe\/events\/v1\/categories\/40"}},{"name":"Las Palmas de GC","slug":"las-palmas-de-gc","term_group":0,"term_taxonomy_id":51,"taxonomy":"tribe_events_cat","description":"","parent":50,"count":2640,"filter":"raw","id":51,"urls":{"self":"https:\/\/calendarioeventos.com\/en\/wp-json\/tribe\/events\/v1\/categories\/51","collection":"https:\/\/calendarioeventos.com\/en\/wp-json\/tribe\/events\/v1\/categories","up":"https:\/\/calendarioeventos.com\/en\/wp-json\/tribe\/events\/v1\/categories\/50"}},{"name":"M\u00fasica","slug":"musica","term_group":0,"term_taxonomy_id":40,"taxonomy":"tribe_events_cat","description":"","parent":39,"count":1961,"filter":"raw","id":40,"urls":{"self":"https:\/\/calendarioeventos.com\/en\/wp-json\/tribe\/events\/v1\/categories\/40","collection":"https:\/\/calendarioeventos.com\/en\/wp-json\/tribe\/events\/v1\/categories","up":"https:\/\/calendarioeventos.com\/en\/wp-json\/tribe\/events\/v1\/categories\/39"}},{"name":"Municipio","slug":"municipio","term_group":0,"term_taxonomy_id":50,"taxonomy":"tribe_events_cat","description":"","parent":0,"count":400,"filter":"raw","id":50,"urls":{"self":"https:\/\/calendarioeventos.com\/en\/wp-json\/tribe\/events\/v1\/categories\/50","collection":"https:\/\/calendarioeventos.com\/en\/wp-json\/tribe\/events\/v1\/categories"}}],"tags":[{"name":"Gran Canaria","slug":"gran-canaria","term_group":0,"term_taxonomy_id":30,"taxonomy":"post_tag","description":"","parent":0,"count":5197,"filter":"raw","id":30,"urls":{"self":"https:\/\/calendarioeventos.com\/en\/wp-json\/tribe\/events\/v1\/tags\/30","collection":"https:\/\/calendarioeventos.com\/en\/wp-json\/tribe\/events\/v1\/tags"}},{"name":"Jam Session","slug":"jam-session","term_group":0,"term_taxonomy_id":86,"taxonomy":"post_tag","description":"","parent":0,"count":34,"filter":"raw","id":86,"urls":{"self":"https:\/\/calendarioeventos.com\/en\/wp-json\/tribe\/events\/v1\/tags\/86","collection":"https:\/\/calendarioeventos.com\/en\/wp-json\/tribe\/events\/v1\/tags"}},{"name":"Las Palmas","slug":"las-palmas","term_group":0,"term_taxonomy_id":32,"taxonomy":"post_tag","description":"","parent":0,"count":2585,"filter":"raw","id":32,"urls":{"self":"https:\/\/calendarioeventos.com\/en\/wp-json\/tribe\/events\/v1\/tags\/32","collection":"https:\/\/calendarioeventos.com\/en\/wp-json\/tribe\/events\/v1\/tags"}},{"name":"M\u00fasica","slug":"musica","term_group":0,"term_taxonomy_id":33,"taxonomy":"post_tag","description":"","parent":0,"count":2135,"filter":"raw","id":33,"urls":{"self":"https:\/\/calendarioeventos.com\/en\/wp-json\/tribe\/events\/v1\/tags\/33","collection":"https:\/\/calendarioeventos.com\/en\/wp-json\/tribe\/events\/v1\/tags"}}],"venue":{"id":1406,"author":"1","status":"publish","date":"2024-02-24 00:00:00","date_utc":"2024-02-24 00:00:00","modified":"2024-02-24 00:00:00","modified_utc":"2024-02-24 00:00:00","url":"https:\/\/calendarioeventos.com\/en\/venue\/buenos-aires-jazz-cafe\/","venue":"Buenos Aires Jazz Cafe","slug":"buenos-aires-jazz-cafe","address":"C. Mendiz\u00e1bal, 37, 35001 Las Palmas de Gran Canaria, Las Palmas","json_ld":{"@type":"Place","name":"Buenos Aires Jazz Cafe","description":"","url":"https:\/\/calendarioeventos.com\/en\/venue\/buenos-aires-jazz-cafe\/","address":{"@type":"PostalAddress","streetAddress":"C. Mendiz\u00e1bal, 37, 35001 Las Palmas de Gran Canaria, Las Palmas"},"telephone":"","sameAs":""},"show_map":true,"show_map_link":true,"global_id":"calendarioeventos.com\/en?id=1406","global_id_lineage":["calendarioeventos.com\/en?id=1406"]},"organizer":[],"custom_fields":[],"json_ld":{"@context":"http:\/\/schema.org","@type":"Event","name":"Jam Session Especial Reyes","description":"&lt;p&gt;Jam Session Especial Reyes en el Buenos Aires Jazz Caf\u00e9, Las Palmas Gran Canaria. Este 4 de enero celebramos la llegada de los Reyes Magos con una Jam Session \u00fanica [&hellip;]&lt;\/p&gt;\\n","image":"https:\/\/calendarioeventos.com\/wp-content\/uploads\/2025\/12\/JAM-SESSION-GENERAL-SIN-FOTO-MUSICOS-27.avif","url":"https:\/\/calendarioeventos.com\/en\/evento\/jam-session-especial-reyes\/","eventAttendanceMode":"https:\/\/schema.org\/OfflineEventAttendanceMode","eventStatus":"https:\/\/schema.org\/EventScheduled","startDate":"2026-01-04T20:30:00+00:00","endDate":"2026-01-04T22:00:00+00:00","location":{"@type":"Place","name":"Buenos Aires Jazz Cafe","description":"","url":"https:\/\/calendarioeventos.com\/en\/venue\/buenos-aires-jazz-cafe\/","address":{"@type":"PostalAddress","streetAddress":"C. Mendiz\u00e1bal, 37, 35001 Las Palmas de Gran Canaria, Las Palmas"},"telephone":"","sameAs":""},"offers":{"@type":"Offer","price":"6","priceCurrency":"EUR","url":"https:\/\/calendarioeventos.com\/en\/evento\/jam-session-especial-reyes\/","category":"primary","availability":"inStock","validFrom":"1970-01-01T00:00:00+00:00"},"performer":"Organization"},"is_virtual":false,"virtual_url":null,"virtual_video_source":""}