{"id":46936,"global_id":"calendarioeventos.com\/en?id=46936","global_id_lineage":["calendarioeventos.com\/en?id=46936"],"author":"2","status":"publish","date":"2025-12-23 18:44:04","date_utc":"2025-12-23 18:44:04","modified":"2025-12-23 18:44:04","modified_utc":"2025-12-23 18:44:04","url":"https:\/\/calendarioeventos.com\/en\/evento\/concierto-supersuckers-moonshine-wagon\/","rest_url":"https:\/\/calendarioeventos.com\/en\/wp-json\/tribe\/events\/v1\/events\/46936","title":"Concierto \u2013 Supersuckers + Moonshine Wagon","description":"<p data-start=\"155\" data-end=\"237\"><strong>Concierto de Supersuckers + Moonshine Wagon en el Teatro Municipal Juan Ram\u00f3n Jim\u00e9nez, Telde, Gran Canaria.<\/strong><\/p>\n<p>A estas alturas de su ilustre carrera de casi 40 a\u00f1os, Supersuckers no tiene nada que demostrarle a nadie. Formada en 1988 y liderada por el carism\u00e1tico cantante y bajista\u00a0Eddie Spaghetti, Supersuckers\u00a0conquist\u00f3 a un p\u00fablico que apreciaba la libertad del grupo para destrozar el g\u00e9nero dentro de los l\u00edmites de las canciones punk rock m\u00e1s potentes, junto con letras que no se tomaban las cosas tan en serio.<\/p>\n<p>Tanto es as\u00ed que el legado de la banda ha crecido con los a\u00f1os, al igual que su ferviente base de fans. Para los tres discos anteriores de la banda, \u00abHolding the Bag\u00bb de 2015, \u00abSuck It\u00bb (que sali\u00f3 en 2018) y \u00abPlay That Rock N&#8217; Roll\u00bb de 2020,\u00a0Supersuckers\u00a0los produjo y public\u00f3 pr\u00e1cticamente ellos mismos.<\/p>\n<p>Tras a\u00f1os de giras incesantes,\u00a0Spaghetti, junto con el guitarrista\u00a0\u00abMetal\u00bb Marty Chandler\u00a0y el bater\u00eda\u00a0Christopher \u00abChango\u00bb von Streicher, decidieron volver al estudio para lo que se convertir\u00eda en\u00a0Liquor, Women, Drugs &amp; Killing, el duod\u00e9cimo \u00e1lbum de estudio de la banda.<\/p>\n<p data-start=\"1162\" data-end=\"1275\"><a href=\"https:\/\/www.tureservaonline.es\/es\/events\/supersuckers-banda-invitada-moonshine-wagon\">Entradas en este enlace\u00a0<\/a><\/p>","excerpt":"","slug":"concierto-supersuckers-moonshine-wagon","image":{"url":"https:\/\/calendarioeventos.com\/wp-content\/uploads\/2025\/12\/WhatsApp-Image-2025-10-21-at-12.48.12-preview.avif","id":46938,"extension":"avif","width":600,"height":850,"filesize":123937,"sizes":{"medium":{"width":212,"height":300,"mime-type":"image\/avif","filesize":23528,"sources":{"image\/avif":{"file":"WhatsApp-Image-2025-10-21-at-12.48.12-preview-212x300.avif","filesize":23528}},"url":"https:\/\/calendarioeventos.com\/wp-content\/uploads\/2025\/12\/WhatsApp-Image-2025-10-21-at-12.48.12-preview-212x300.avif"},"thumbnail":{"width":150,"height":150,"mime-type":"image\/avif","filesize":9314,"sources":{"image\/avif":{"file":"WhatsApp-Image-2025-10-21-at-12.48.12-preview-150x150.avif","filesize":9314}},"url":"https:\/\/calendarioeventos.com\/wp-content\/uploads\/2025\/12\/WhatsApp-Image-2025-10-21-at-12.48.12-preview-150x150.avif"},"cmplz_banner_image":{"width":350,"height":100,"mime-type":"image\/avif","filesize":7657,"url":"https:\/\/calendarioeventos.com\/wp-content\/uploads\/2025\/12\/WhatsApp-Image-2025-10-21-at-12.48.12-preview-350x100.avif"}},"original_image":"WhatsApp-Image-2025-10-21-at-12.48.12-preview.jpg","dominant_color":"b5391b","sources":{"image\/avif":{"file":"WhatsApp-Image-2025-10-21-at-12.48.12-preview.avif","filesize":123937}}},"all_day":false,"start_date":"2026-01-24 20:30:00","start_date_details":{"year":"2026","month":"01","day":"24","hour":"20","minutes":"30","seconds":"00"},"end_date":"2026-01-24 22:00:00","end_date_details":{"year":"2026","month":"01","day":"24","hour":"22","minutes":"00","seconds":"00"},"utc_start_date":"2026-01-24 20:30:00","utc_start_date_details":{"year":"2026","month":"01","day":"24","hour":"20","minutes":"30","seconds":"00"},"utc_end_date":"2026-01-24 22:00:00","utc_end_date_details":{"year":"2026","month":"01","day":"24","hour":"22","minutes":"00","seconds":"00"},"timezone":"Europe\/London","timezone_abbr":"GMT","cost":"26\u20ac","cost_details":{"currency_symbol":"\u20ac","currency_code":"EUR","currency_position":"suffix","values":["26"]},"website":"https:\/\/www.instagram.com\/p\/DRciSwyDC0G\/","show_map":true,"show_map_link":true,"hide_from_listings":false,"sticky":false,"featured":false,"categories":[{"name":"Concierto","slug":"concierto","term_group":0,"term_taxonomy_id":53,"taxonomy":"tribe_events_cat","description":"","parent":40,"count":1038,"filter":"raw","id":53,"urls":{"self":"https:\/\/calendarioeventos.com\/en\/wp-json\/tribe\/events\/v1\/categories\/53","collection":"https:\/\/calendarioeventos.com\/en\/wp-json\/tribe\/events\/v1\/categories","up":"https:\/\/calendarioeventos.com\/en\/wp-json\/tribe\/events\/v1\/categories\/40"}},{"name":"Cultura","slug":"cultura","term_group":0,"term_taxonomy_id":39,"taxonomy":"tribe_events_cat","description":"","parent":0,"count":2046,"filter":"raw","id":39,"urls":{"self":"https:\/\/calendarioeventos.com\/en\/wp-json\/tribe\/events\/v1\/categories\/39","collection":"https:\/\/calendarioeventos.com\/en\/wp-json\/tribe\/events\/v1\/categories"}},{"name":"M\u00fasica","slug":"musica","term_group":0,"term_taxonomy_id":40,"taxonomy":"tribe_events_cat","description":"","parent":39,"count":2136,"filter":"raw","id":40,"urls":{"self":"https:\/\/calendarioeventos.com\/en\/wp-json\/tribe\/events\/v1\/categories\/40","collection":"https:\/\/calendarioeventos.com\/en\/wp-json\/tribe\/events\/v1\/categories","up":"https:\/\/calendarioeventos.com\/en\/wp-json\/tribe\/events\/v1\/categories\/39"}},{"name":"Telde","slug":"telde","term_group":0,"term_taxonomy_id":134,"taxonomy":"tribe_events_cat","description":"","parent":50,"count":312,"filter":"raw","id":134,"urls":{"self":"https:\/\/calendarioeventos.com\/en\/wp-json\/tribe\/events\/v1\/categories\/134","collection":"https:\/\/calendarioeventos.com\/en\/wp-json\/tribe\/events\/v1\/categories","up":"https:\/\/calendarioeventos.com\/en\/wp-json\/tribe\/events\/v1\/categories\/50"}}],"tags":[{"name":"Concierto","slug":"concierto","term_group":0,"term_taxonomy_id":52,"taxonomy":"post_tag","description":"","parent":0,"count":1012,"filter":"raw","id":52,"urls":{"self":"https:\/\/calendarioeventos.com\/en\/wp-json\/tribe\/events\/v1\/tags\/52","collection":"https:\/\/calendarioeventos.com\/en\/wp-json\/tribe\/events\/v1\/tags"}},{"name":"Gran Canaria","slug":"gran-canaria","term_group":0,"term_taxonomy_id":30,"taxonomy":"post_tag","description":"","parent":0,"count":5581,"filter":"raw","id":30,"urls":{"self":"https:\/\/calendarioeventos.com\/en\/wp-json\/tribe\/events\/v1\/tags\/30","collection":"https:\/\/calendarioeventos.com\/en\/wp-json\/tribe\/events\/v1\/tags"}},{"name":"Telde","slug":"telde","term_group":0,"term_taxonomy_id":133,"taxonomy":"post_tag","description":"","parent":0,"count":303,"filter":"raw","id":133,"urls":{"self":"https:\/\/calendarioeventos.com\/en\/wp-json\/tribe\/events\/v1\/tags\/133","collection":"https:\/\/calendarioeventos.com\/en\/wp-json\/tribe\/events\/v1\/tags"}}],"venue":{"id":1331,"author":"1","status":"publish","date":"2024-01-24 00:00:00","date_utc":"2024-01-24 00:00:00","modified":"2024-01-24 00:00:00","modified_utc":"2024-01-24 00:00:00","url":"https:\/\/calendarioeventos.com\/en\/venue\/teatro-municipal-juan-ramon-jimenez\/","venue":"Teatro Municipal Juan Ram\u00f3n Jim\u00e9nez","slug":"teatro-municipal-juan-ramon-jimenez","address":"C. Poeta Pablo Neruda, 1, 35200 Telde, Las Palmas","json_ld":{"@type":"Place","name":"Teatro Municipal Juan Ram\u00f3n Jim\u00e9nez","description":"","url":"https:\/\/calendarioeventos.com\/en\/venue\/teatro-municipal-juan-ramon-jimenez\/","address":{"@type":"PostalAddress","streetAddress":"C. Poeta Pablo Neruda, 1, 35200 Telde, Las Palmas"},"telephone":"","sameAs":""},"show_map":true,"show_map_link":true,"global_id":"calendarioeventos.com\/en?id=1331","global_id_lineage":["calendarioeventos.com\/en?id=1331"]},"organizer":[{"id":2707,"author":"1","status":"publish","date":"2024-10-14 00:00:00","date_utc":"2024-10-13 23:00:00","modified":"2025-09-22 00:08:19","modified_utc":"2025-09-21 23:08:19","url":"https:\/\/calendarioeventos.com\/en\/organiser\/no-especificado\/","organizer":"No especificado","description":"<p>Organizador no especificado &#8211; por defecto<\/p>","slug":"no-especificado","json_ld":{"@type":"Person","name":"No especificado","description":"&lt;p&gt;Organizador no especificado - por defecto&lt;\/p&gt;\\n","url":"","telephone":"","email":"","sameAs":""},"global_id":"calendarioeventos.com\/en?id=2707","global_id_lineage":["calendarioeventos.com\/en?id=2707"]}],"custom_fields":[],"json_ld":{"@context":"http:\/\/schema.org","@type":"Event","name":"Concierto \u2013 Supersuckers + Moonshine Wagon","description":"&lt;p&gt;Concierto de Supersuckers + Moonshine Wagon en el Teatro Municipal Juan Ram\u00f3n Jim\u00e9nez, Telde, Gran Canaria. A estas alturas de su ilustre carrera de casi 40 a\u00f1os, Supersuckers no tiene [&hellip;]&lt;\/p&gt;\\n","image":"https:\/\/calendarioeventos.com\/wp-content\/uploads\/2025\/12\/WhatsApp-Image-2025-10-21-at-12.48.12-preview.avif","url":"https:\/\/calendarioeventos.com\/en\/evento\/concierto-supersuckers-moonshine-wagon\/","eventAttendanceMode":"https:\/\/schema.org\/OfflineEventAttendanceMode","eventStatus":"https:\/\/schema.org\/EventScheduled","startDate":"2026-01-24T20:30:00+00:00","endDate":"2026-01-24T22:00:00+00:00","location":{"@type":"Place","name":"Teatro Municipal Juan Ram\u00f3n Jim\u00e9nez","description":"","url":"https:\/\/calendarioeventos.com\/en\/venue\/teatro-municipal-juan-ramon-jimenez\/","address":{"@type":"PostalAddress","streetAddress":"C. Poeta Pablo Neruda, 1, 35200 Telde, Las Palmas"},"telephone":"","sameAs":""},"organizer":{"@type":"Person","name":"No especificado","description":"&lt;p&gt;Organizador no especificado - por defecto&lt;\/p&gt;\\n","url":"","telephone":"","email":"","sameAs":""},"offers":{"@type":"Offer","price":"26","priceCurrency":"EUR","url":"https:\/\/calendarioeventos.com\/en\/evento\/concierto-supersuckers-moonshine-wagon\/","category":"primary","availability":"inStock","validFrom":"1970-01-01T00:00:00+00:00"},"performer":"Organization"},"is_virtual":false,"virtual_url":null,"virtual_video_source":""}