{"id":49369,"global_id":"calendarioeventos.com\/en?id=49369","global_id_lineage":["calendarioeventos.com\/en?id=49369"],"author":"2","status":"publish","date":"2026-01-03 14:39:30","date_utc":"2026-01-03 14:39:30","modified":"2026-01-03 14:39:30","modified_utc":"2026-01-03 14:39:30","url":"https:\/\/calendarioeventos.com\/en\/evento\/presentacion-libro-tengo-tdah\/","rest_url":"https:\/\/calendarioeventos.com\/en\/wp-json\/tribe\/events\/v1\/events\/49369","title":"Presentaci\u00f3n &#8211; Libro: Tengo TDAH","description":"<p>Presentaci\u00f3n del libro \u00abTengo TDAH\u00bb de Jenn Mor en la Biblioteca Josefina de la Torre, Las Palmas de Gran Canaria.<\/p>\n<p>Ser ni\u00f1o\/a y tener TDAH conlleva una serie de desventajas, las cuales no trataremos aqu\u00ed. Como t\u00fa, soy una madre preocupada por la autoestima de su hijo\/a y, despu\u00e9s de especializarme en el trastorno y decidirme a explicar qu\u00e9 supone tener TDAH, encontr\u00e9 una forma real y, a la misma vez, protectora de describir el superpoder que supone ser un ni\u00f1o neurodivergente.<\/p>","excerpt":"","slug":"presentacion-libro-tengo-tdah","image":{"url":"https:\/\/calendarioeventos.com\/wp-content\/uploads\/2026\/01\/044ca49c25b9e19e8fac55eb8f7e50d4.avif","id":49370,"extension":"avif","width":750,"height":750,"filesize":50733,"sizes":{"medium":{"width":300,"height":300,"mime-type":"image\/avif","filesize":11571,"sources":{"image\/avif":{"file":"044ca49c25b9e19e8fac55eb8f7e50d4-300x300.avif","filesize":11571}},"url":"https:\/\/calendarioeventos.com\/wp-content\/uploads\/2026\/01\/044ca49c25b9e19e8fac55eb8f7e50d4-300x300.avif"},"thumbnail":{"width":150,"height":150,"mime-type":"image\/avif","filesize":4368,"sources":{"image\/avif":{"file":"044ca49c25b9e19e8fac55eb8f7e50d4-150x150.avif","filesize":4368}},"url":"https:\/\/calendarioeventos.com\/wp-content\/uploads\/2026\/01\/044ca49c25b9e19e8fac55eb8f7e50d4-150x150.avif"},"cmplz_banner_image":{"width":350,"height":100,"mime-type":"image\/avif","filesize":5190,"url":"https:\/\/calendarioeventos.com\/wp-content\/uploads\/2026\/01\/044ca49c25b9e19e8fac55eb8f7e50d4-350x100.avif"}},"original_image":"044ca49c25b9e19e8fac55eb8f7e50d4.jpg","dominant_color":"5c6e91","sources":{"image\/avif":{"file":"044ca49c25b9e19e8fac55eb8f7e50d4.avif","filesize":50733}}},"all_day":false,"start_date":"2026-01-29 18:00:00","start_date_details":{"year":"2026","month":"01","day":"29","hour":"18","minutes":"00","seconds":"00"},"end_date":"2026-01-29 19:00:00","end_date_details":{"year":"2026","month":"01","day":"29","hour":"19","minutes":"00","seconds":"00"},"utc_start_date":"2026-01-29 18:00:00","utc_start_date_details":{"year":"2026","month":"01","day":"29","hour":"18","minutes":"00","seconds":"00"},"utc_end_date":"2026-01-29 19:00:00","utc_end_date_details":{"year":"2026","month":"01","day":"29","hour":"19","minutes":"00","seconds":"00"},"timezone":"Europe\/London","timezone_abbr":"GMT","cost":"Free","cost_details":{"currency_symbol":"\u20ac","currency_code":"EUR","currency_position":"prefix","values":["0"]},"website":"https:\/\/lpacultura.com\/events\/tengo-tdah","show_map":true,"show_map_link":false,"hide_from_listings":false,"sticky":false,"featured":false,"categories":[{"name":"Actividades","slug":"actividades","term_group":0,"term_taxonomy_id":37,"taxonomy":"tribe_events_cat","description":"","parent":0,"count":2606,"filter":"raw","id":37,"urls":{"self":"https:\/\/calendarioeventos.com\/en\/wp-json\/tribe\/events\/v1\/categories\/37","collection":"https:\/\/calendarioeventos.com\/en\/wp-json\/tribe\/events\/v1\/categories"}},{"name":"Eventos gratuitos","slug":"eventos-gratuitos","term_group":0,"term_taxonomy_id":36,"taxonomy":"tribe_events_cat","description":"","parent":35,"count":3630,"filter":"raw","id":36,"urls":{"self":"https:\/\/calendarioeventos.com\/en\/wp-json\/tribe\/events\/v1\/categories\/36","collection":"https:\/\/calendarioeventos.com\/en\/wp-json\/tribe\/events\/v1\/categories","up":"https:\/\/calendarioeventos.com\/en\/wp-json\/tribe\/events\/v1\/categories\/35"}},{"name":"Las Palmas de GC","slug":"las-palmas-de-gc","term_group":0,"term_taxonomy_id":51,"taxonomy":"tribe_events_cat","description":"","parent":50,"count":2792,"filter":"raw","id":51,"urls":{"self":"https:\/\/calendarioeventos.com\/en\/wp-json\/tribe\/events\/v1\/categories\/51","collection":"https:\/\/calendarioeventos.com\/en\/wp-json\/tribe\/events\/v1\/categories","up":"https:\/\/calendarioeventos.com\/en\/wp-json\/tribe\/events\/v1\/categories\/50"}},{"name":"Literatura","slug":"literatura","term_group":0,"term_taxonomy_id":105,"taxonomy":"tribe_events_cat","description":"","parent":39,"count":629,"filter":"raw","id":105,"urls":{"self":"https:\/\/calendarioeventos.com\/en\/wp-json\/tribe\/events\/v1\/categories\/105","collection":"https:\/\/calendarioeventos.com\/en\/wp-json\/tribe\/events\/v1\/categories","up":"https:\/\/calendarioeventos.com\/en\/wp-json\/tribe\/events\/v1\/categories\/39"}},{"name":"Presentaci\u00f3n","slug":"presentacion","term_group":0,"term_taxonomy_id":153,"taxonomy":"tribe_events_cat","description":"","parent":37,"count":346,"filter":"raw","id":153,"urls":{"self":"https:\/\/calendarioeventos.com\/en\/wp-json\/tribe\/events\/v1\/categories\/153","collection":"https:\/\/calendarioeventos.com\/en\/wp-json\/tribe\/events\/v1\/categories","up":"https:\/\/calendarioeventos.com\/en\/wp-json\/tribe\/events\/v1\/categories\/37"}}],"tags":[{"name":"Gran Canaria","slug":"gran-canaria","term_group":0,"term_taxonomy_id":30,"taxonomy":"post_tag","description":"","parent":0,"count":5581,"filter":"raw","id":30,"urls":{"self":"https:\/\/calendarioeventos.com\/en\/wp-json\/tribe\/events\/v1\/tags\/30","collection":"https:\/\/calendarioeventos.com\/en\/wp-json\/tribe\/events\/v1\/tags"}},{"name":"Gratis","slug":"gratis","term_group":0,"term_taxonomy_id":31,"taxonomy":"post_tag","description":"","parent":0,"count":3498,"filter":"raw","id":31,"urls":{"self":"https:\/\/calendarioeventos.com\/en\/wp-json\/tribe\/events\/v1\/tags\/31","collection":"https:\/\/calendarioeventos.com\/en\/wp-json\/tribe\/events\/v1\/tags"}},{"name":"Las Palmas","slug":"las-palmas","term_group":0,"term_taxonomy_id":32,"taxonomy":"post_tag","description":"","parent":0,"count":2732,"filter":"raw","id":32,"urls":{"self":"https:\/\/calendarioeventos.com\/en\/wp-json\/tribe\/events\/v1\/tags\/32","collection":"https:\/\/calendarioeventos.com\/en\/wp-json\/tribe\/events\/v1\/tags"}},{"name":"Libro","slug":"libro","term_group":0,"term_taxonomy_id":460,"taxonomy":"post_tag","description":"","parent":0,"count":71,"filter":"raw","id":460,"urls":{"self":"https:\/\/calendarioeventos.com\/en\/wp-json\/tribe\/events\/v1\/tags\/460","collection":"https:\/\/calendarioeventos.com\/en\/wp-json\/tribe\/events\/v1\/tags"}},{"name":"Presentaci\u00f3n","slug":"presentacion","term_group":0,"term_taxonomy_id":152,"taxonomy":"post_tag","description":"","parent":0,"count":338,"filter":"raw","id":152,"urls":{"self":"https:\/\/calendarioeventos.com\/en\/wp-json\/tribe\/events\/v1\/tags\/152","collection":"https:\/\/calendarioeventos.com\/en\/wp-json\/tribe\/events\/v1\/tags"}}],"venue":{"id":1368,"author":"1","status":"publish","date":"2024-02-06 00:00:00","date_utc":"2024-02-06 00:00:00","modified":"2024-02-06 00:00:00","modified_utc":"2024-02-06 00:00:00","url":"https:\/\/calendarioeventos.com\/en\/venue\/biblioteca-josefina-de-la-torre\/","venue":"Biblioteca Josefina de La Torre","slug":"biblioteca-josefina-de-la-torre","address":"Paseo de las Canteras, s\/n, Plaza Agatha Christie, Las Palmas de Gran Canaria","json_ld":{"@type":"Place","name":"Biblioteca Josefina de La Torre","description":"","url":"https:\/\/calendarioeventos.com\/en\/venue\/biblioteca-josefina-de-la-torre\/","address":{"@type":"PostalAddress","streetAddress":"Paseo de las Canteras, s\/n, Plaza Agatha Christie, Las Palmas de Gran Canaria"},"telephone":"","sameAs":""},"show_map":true,"show_map_link":true,"global_id":"calendarioeventos.com\/en?id=1368","global_id_lineage":["calendarioeventos.com\/en?id=1368"]},"organizer":[],"custom_fields":[],"json_ld":{"@context":"http:\/\/schema.org","@type":"Event","name":"Presentaci\u00f3n &#8211; Libro: Tengo TDAH","description":"&lt;p&gt;Presentaci\u00f3n del libro &quot;Tengo TDAH&quot; de Jenn Mor en la Biblioteca Josefina de la Torre, Las Palmas de Gran Canaria. Ser ni\u00f1o\/a y tener TDAH conlleva una serie de desventajas, [&hellip;]&lt;\/p&gt;\\n","image":"https:\/\/calendarioeventos.com\/wp-content\/uploads\/2026\/01\/044ca49c25b9e19e8fac55eb8f7e50d4.avif","url":"https:\/\/calendarioeventos.com\/en\/evento\/presentacion-libro-tengo-tdah\/","eventAttendanceMode":"https:\/\/schema.org\/OfflineEventAttendanceMode","eventStatus":"https:\/\/schema.org\/EventScheduled","startDate":"2026-01-29T18:00:00+00:00","endDate":"2026-01-29T19:00:00+00:00","location":{"@type":"Place","name":"Biblioteca Josefina de La Torre","description":"","url":"https:\/\/calendarioeventos.com\/en\/venue\/biblioteca-josefina-de-la-torre\/","address":{"@type":"PostalAddress","streetAddress":"Paseo de las Canteras, s\/n, Plaza Agatha Christie, Las Palmas de Gran Canaria"},"telephone":"","sameAs":""},"offers":{"@type":"Offer","price":"0","priceCurrency":"EUR","url":"https:\/\/calendarioeventos.com\/en\/evento\/presentacion-libro-tengo-tdah\/","category":"primary","availability":"inStock","validFrom":"2026-03-01T00:00:00+00:00"},"performer":"Organization"},"is_virtual":false,"virtual_url":null,"virtual_video_source":""}