{"id":49438,"global_id":"calendarioeventos.com\/en?id=49438","global_id_lineage":["calendarioeventos.com\/en?id=49438"],"author":"2","status":"publish","date":"2026-01-03 15:49:27","date_utc":"2026-01-03 15:49:27","modified":"2026-01-29 13:10:51","modified_utc":"2026-01-29 13:10:51","url":"https:\/\/calendarioeventos.com\/en\/evento\/carnaval-preseleccion-gala-drag-queen\/","rest_url":"https:\/\/calendarioeventos.com\/en\/wp-json\/tribe\/events\/v1\/events\/49438","title":"Carnaval &#8211; Preselecci\u00f3n Gala Drag Queen","description":"<p>Carnaval &#8211; Preselecci\u00f3n Gala Drag Queen del Carnaval de Las Palmas de Gran Canaria en el Parque Santa Catalina.<\/p>\n<p>La afluencia de candidatos a la Gala Drag Queen es tal que, cada a\u00f1o, se convoca una fase de preselecci\u00f3n para determinar cu\u00e1les ser\u00e1n los drags finalistas. Llegar a la final no es sencillo, porque hay que destacar de entre una gran cantidad de aspirantes, que lo habitual es que superen la treintena.<\/p>\n<p>Esta preselecci\u00f3n no se retransmite porque hay que preservar el efecto de su presencia en escena en la esperada Gala Drag Queen, esta s\u00ed, ante las c\u00e1maras de televisi\u00f3n.<\/p>\n<p>Este viernes en la gala Pre Drag de nuestro carnaval\ud83c\udfa4 Nueva L\u00ednea <a href=\"https:\/\/www.instagram.com\/nuevalineaoficial\/\">@nuevalineaoficial<\/a> llega para poner a todo el mundo a cantar y bailar \ud83e\udd73<\/p>\n<p>&nbsp;<\/p>\n<hr \/>\n<p>El lunes 26 de enero podr\u00e1s conseguir tu entrada para la Preselecci\u00f3n Drag, el martes 27 de enero ser\u00e1 el turno de la Gala de la Reina, y el jueves 29 de enero saldr\u00e1n a la venta las entradas para la Gala Drag Queen.<\/p>\n<p>Las entradas estar\u00e1n disponibles online en la plataforma tiquetera <a href=\"http:\/\/entradascanarias.com\">entradascanarias.com<\/a> y en taquilla en la trasera del edificio Miller a partir de las 9:00, para el resto de actos del programa el acceso ser\u00e1 libre hasta completar aforo.<\/p>\n<p>Horario de taquilla trasera del edificio Miller:<br \/>\nLunes a viernes de 10:00 a 13:00 horas y de 16:00 a 20:00 horas. \ud83c\udf9f\ufe0f<br \/>\nLos fines de semana la apertura ser\u00e1 de 10:00 a 13:00 horas. \ud83c\udf9f\ufe0f<\/p>\n<p>Precios de las entradas:<br \/>\nPreselecci\u00f3n Drag Queen 10\u20ac<br \/>\nGala de la Reina 10\u20ac<br \/>\nGala Drag Queen 15\u20ac<\/p>","excerpt":"","slug":"carnaval-preseleccion-gala-drag-queen","image":{"url":"https:\/\/calendarioeventos.com\/wp-content\/uploads\/2026\/01\/Screenshot-2026-01-29-at-13-10-03-Primera-Semana-\u2022-Instagram.avif","id":54944,"extension":"avif","width":1116,"height":1392,"filesize":164312,"sizes":{"medium":{"width":241,"height":300,"mime-type":"image\/avif","filesize":24414,"sources":{"image\/avif":{"file":"Screenshot-2026-01-29-at-13-10-03-Primera-Semana-\u2022-Instagram-241x300.avif","filesize":24414}},"url":"https:\/\/calendarioeventos.com\/wp-content\/uploads\/2026\/01\/Screenshot-2026-01-29-at-13-10-03-Primera-Semana-\u2022-Instagram-241x300.avif"},"large":{"width":821,"height":1024,"mime-type":"image\/avif","filesize":105520,"sources":{"image\/avif":{"file":"Screenshot-2026-01-29-at-13-10-03-Primera-Semana-\u2022-Instagram-821x1024.avif","filesize":105520}},"url":"https:\/\/calendarioeventos.com\/wp-content\/uploads\/2026\/01\/Screenshot-2026-01-29-at-13-10-03-Primera-Semana-\u2022-Instagram-821x1024.avif"},"thumbnail":{"width":150,"height":150,"mime-type":"image\/avif","filesize":10864,"sources":{"image\/avif":{"file":"Screenshot-2026-01-29-at-13-10-03-Primera-Semana-\u2022-Instagram-150x150.avif","filesize":10864}},"url":"https:\/\/calendarioeventos.com\/wp-content\/uploads\/2026\/01\/Screenshot-2026-01-29-at-13-10-03-Primera-Semana-\u2022-Instagram-150x150.avif"},"medium_large":{"width":768,"height":958,"mime-type":"image\/avif","filesize":96767,"sources":{"image\/avif":{"file":"Screenshot-2026-01-29-at-13-10-03-Primera-Semana-\u2022-Instagram-768x958.avif","filesize":96767}},"url":"https:\/\/calendarioeventos.com\/wp-content\/uploads\/2026\/01\/Screenshot-2026-01-29-at-13-10-03-Primera-Semana-\u2022-Instagram-768x958.avif"},"cmplz_banner_image":{"width":350,"height":100,"mime-type":"image\/avif","filesize":9370,"url":"https:\/\/calendarioeventos.com\/wp-content\/uploads\/2026\/01\/Screenshot-2026-01-29-at-13-10-03-Primera-Semana-\u2022-Instagram-350x100.avif"}},"original_image":"Screenshot-2026-01-29-at-13-10-03-Primera-Semana-\u2022-Instagram.png","dominant_color":"9f6c9e","has_transparency":true,"sources":{"image\/avif":{"file":"Screenshot-2026-01-29-at-13-10-03-Primera-Semana-\u2022-Instagram.avif","filesize":164312}}},"all_day":false,"start_date":"2026-01-30 21:00:00","start_date_details":{"year":"2026","month":"01","day":"30","hour":"21","minutes":"00","seconds":"00"},"end_date":"2026-01-30 23:00:00","end_date_details":{"year":"2026","month":"01","day":"30","hour":"23","minutes":"00","seconds":"00"},"utc_start_date":"2026-01-30 21:00:00","utc_start_date_details":{"year":"2026","month":"01","day":"30","hour":"21","minutes":"00","seconds":"00"},"utc_end_date":"2026-01-30 23:00:00","utc_end_date_details":{"year":"2026","month":"01","day":"30","hour":"23","minutes":"00","seconds":"00"},"timezone":"Europe\/London","timezone_abbr":"GMT","cost":"10\u20ac","cost_details":{"currency_symbol":"\u20ac","currency_code":"EUR","currency_position":"suffix","values":["10"]},"website":"https:\/\/www.instagram.com\/p\/DUF7l8XCPrF\/","show_map":true,"show_map_link":true,"hide_from_listings":false,"sticky":false,"featured":false,"categories":[{"name":"Carnaval","slug":"carnaval","term_group":0,"term_taxonomy_id":378,"taxonomy":"tribe_events_cat","description":"","parent":46,"count":292,"filter":"raw","id":378,"urls":{"self":"https:\/\/calendarioeventos.com\/en\/wp-json\/tribe\/events\/v1\/categories\/378","collection":"https:\/\/calendarioeventos.com\/en\/wp-json\/tribe\/events\/v1\/categories","up":"https:\/\/calendarioeventos.com\/en\/wp-json\/tribe\/events\/v1\/categories\/46"}},{"name":"Entretenimiento","slug":"entretenimiento","term_group":0,"term_taxonomy_id":46,"taxonomy":"tribe_events_cat","description":"","parent":0,"count":1215,"filter":"raw","id":46,"urls":{"self":"https:\/\/calendarioeventos.com\/en\/wp-json\/tribe\/events\/v1\/categories\/46","collection":"https:\/\/calendarioeventos.com\/en\/wp-json\/tribe\/events\/v1\/categories"}},{"name":"Humor","slug":"humor","term_group":0,"term_taxonomy_id":81,"taxonomy":"tribe_events_cat","description":"","parent":46,"count":285,"filter":"raw","id":81,"urls":{"self":"https:\/\/calendarioeventos.com\/en\/wp-json\/tribe\/events\/v1\/categories\/81","collection":"https:\/\/calendarioeventos.com\/en\/wp-json\/tribe\/events\/v1\/categories","up":"https:\/\/calendarioeventos.com\/en\/wp-json\/tribe\/events\/v1\/categories\/46"}},{"name":"Las Palmas de GC","slug":"las-palmas-de-gc","term_group":0,"term_taxonomy_id":51,"taxonomy":"tribe_events_cat","description":"","parent":50,"count":2792,"filter":"raw","id":51,"urls":{"self":"https:\/\/calendarioeventos.com\/en\/wp-json\/tribe\/events\/v1\/categories\/51","collection":"https:\/\/calendarioeventos.com\/en\/wp-json\/tribe\/events\/v1\/categories","up":"https:\/\/calendarioeventos.com\/en\/wp-json\/tribe\/events\/v1\/categories\/50"}},{"name":"M\u00fasica","slug":"musica","term_group":0,"term_taxonomy_id":40,"taxonomy":"tribe_events_cat","description":"","parent":39,"count":2136,"filter":"raw","id":40,"urls":{"self":"https:\/\/calendarioeventos.com\/en\/wp-json\/tribe\/events\/v1\/categories\/40","collection":"https:\/\/calendarioeventos.com\/en\/wp-json\/tribe\/events\/v1\/categories","up":"https:\/\/calendarioeventos.com\/en\/wp-json\/tribe\/events\/v1\/categories\/39"}}],"tags":[{"name":"Carnaval","slug":"carnaval","term_group":0,"term_taxonomy_id":377,"taxonomy":"post_tag","description":"","parent":0,"count":296,"filter":"raw","id":377,"urls":{"self":"https:\/\/calendarioeventos.com\/en\/wp-json\/tribe\/events\/v1\/tags\/377","collection":"https:\/\/calendarioeventos.com\/en\/wp-json\/tribe\/events\/v1\/tags"}},{"name":"Drag","slug":"drag","term_group":0,"term_taxonomy_id":218,"taxonomy":"post_tag","description":"","parent":0,"count":18,"filter":"raw","id":218,"urls":{"self":"https:\/\/calendarioeventos.com\/en\/wp-json\/tribe\/events\/v1\/tags\/218","collection":"https:\/\/calendarioeventos.com\/en\/wp-json\/tribe\/events\/v1\/tags"}},{"name":"Gala","slug":"gala","term_group":0,"term_taxonomy_id":202,"taxonomy":"post_tag","description":"","parent":0,"count":91,"filter":"raw","id":202,"urls":{"self":"https:\/\/calendarioeventos.com\/en\/wp-json\/tribe\/events\/v1\/tags\/202","collection":"https:\/\/calendarioeventos.com\/en\/wp-json\/tribe\/events\/v1\/tags"}},{"name":"Gran Canaria","slug":"gran-canaria","term_group":0,"term_taxonomy_id":30,"taxonomy":"post_tag","description":"","parent":0,"count":5581,"filter":"raw","id":30,"urls":{"self":"https:\/\/calendarioeventos.com\/en\/wp-json\/tribe\/events\/v1\/tags\/30","collection":"https:\/\/calendarioeventos.com\/en\/wp-json\/tribe\/events\/v1\/tags"}},{"name":"Las Palmas","slug":"las-palmas","term_group":0,"term_taxonomy_id":32,"taxonomy":"post_tag","description":"","parent":0,"count":2732,"filter":"raw","id":32,"urls":{"self":"https:\/\/calendarioeventos.com\/en\/wp-json\/tribe\/events\/v1\/tags\/32","collection":"https:\/\/calendarioeventos.com\/en\/wp-json\/tribe\/events\/v1\/tags"}},{"name":"M\u00fasica","slug":"musica","term_group":0,"term_taxonomy_id":33,"taxonomy":"post_tag","description":"","parent":0,"count":2307,"filter":"raw","id":33,"urls":{"self":"https:\/\/calendarioeventos.com\/en\/wp-json\/tribe\/events\/v1\/tags\/33","collection":"https:\/\/calendarioeventos.com\/en\/wp-json\/tribe\/events\/v1\/tags"}}],"venue":{"id":1458,"author":"1","status":"publish","date":"2024-04-03 00:00:00","date_utc":"2024-04-02 23:00:00","modified":"2024-04-03 00:00:00","modified_utc":"2024-04-02 23:00:00","url":"https:\/\/calendarioeventos.com\/en\/venue\/parque-santa-catalina\/","venue":"Parque Santa Catalina","slug":"parque-santa-catalina","address":"C. Gral. Balmes, 910, 35007 Las Palmas de Gran Canaria, Las Palmas","json_ld":{"@type":"Place","name":"Parque Santa Catalina","description":"","url":"https:\/\/calendarioeventos.com\/en\/venue\/parque-santa-catalina\/","address":{"@type":"PostalAddress","streetAddress":"C. Gral. Balmes, 910, 35007 Las Palmas de Gran Canaria, Las Palmas"},"telephone":"","sameAs":""},"show_map":true,"show_map_link":true,"global_id":"calendarioeventos.com\/en?id=1458","global_id_lineage":["calendarioeventos.com\/en?id=1458"]},"organizer":[{"id":2707,"author":"1","status":"publish","date":"2024-10-14 00:00:00","date_utc":"2024-10-13 23:00:00","modified":"2025-09-22 00:08:19","modified_utc":"2025-09-21 23:08:19","url":"https:\/\/calendarioeventos.com\/en\/organiser\/no-especificado\/","organizer":"No especificado","description":"<p>Organizador no especificado &#8211; por defecto<\/p>","slug":"no-especificado","json_ld":{"@type":"Person","name":"No especificado","description":"&lt;p&gt;Organizador no especificado - por defecto&lt;\/p&gt;\\n","url":"","telephone":"","email":"","sameAs":""},"global_id":"calendarioeventos.com\/en?id=2707","global_id_lineage":["calendarioeventos.com\/en?id=2707"]}],"custom_fields":[],"json_ld":{"@context":"http:\/\/schema.org","@type":"Event","name":"Carnaval &#8211; Preselecci\u00f3n Gala Drag Queen","description":"&lt;p&gt;Carnaval - Preselecci\u00f3n Gala Drag Queen del Carnaval de Las Palmas de Gran Canaria en el Parque Santa Catalina. La afluencia de candidatos a la Gala Drag Queen es tal [&hellip;]&lt;\/p&gt;\\n","image":"https:\/\/calendarioeventos.com\/wp-content\/uploads\/2026\/01\/Screenshot-2026-01-29-at-13-10-03-Primera-Semana-\u2022-Instagram.avif","url":"https:\/\/calendarioeventos.com\/en\/evento\/carnaval-preseleccion-gala-drag-queen\/","eventAttendanceMode":"https:\/\/schema.org\/OfflineEventAttendanceMode","eventStatus":"https:\/\/schema.org\/EventScheduled","startDate":"2026-01-30T21:00:00+00:00","endDate":"2026-01-30T23:00:00+00:00","location":{"@type":"Place","name":"Parque Santa Catalina","description":"","url":"https:\/\/calendarioeventos.com\/en\/venue\/parque-santa-catalina\/","address":{"@type":"PostalAddress","streetAddress":"C. Gral. Balmes, 910, 35007 Las Palmas de Gran Canaria, Las Palmas"},"telephone":"","sameAs":""},"organizer":{"@type":"Person","name":"No especificado","description":"&lt;p&gt;Organizador no especificado - por defecto&lt;\/p&gt;\\n","url":"","telephone":"","email":"","sameAs":""},"offers":{"@type":"Offer","price":"10","priceCurrency":"EUR","url":"https:\/\/calendarioeventos.com\/en\/evento\/carnaval-preseleccion-gala-drag-queen\/","category":"primary","availability":"inStock","validFrom":"2026-03-01T00:00:00+00:00"},"performer":"Organization"},"is_virtual":false,"virtual_url":null,"virtual_video_source":""}