{"id":54595,"global_id":"calendarioeventos.com\/en?id=54595","global_id_lineage":["calendarioeventos.com\/en?id=54595"],"author":"2","status":"publish","date":"2026-01-28 18:49:06","date_utc":"2026-01-28 18:49:06","modified":"2026-01-28 18:49:06","modified_utc":"2026-01-28 18:49:06","url":"https:\/\/calendarioeventos.com\/en\/evento\/presentacion-libro-mi-yaya-tiene-un-brillo-especial\/","rest_url":"https:\/\/calendarioeventos.com\/en\/wp-json\/tribe\/events\/v1\/events\/54595","title":"Presentaci\u00f3n &#8211; Libro \u00abMi yaya tiene un brillo especial\u00bb","description":"<p>Presentaci\u00f3n del Libro \u00abMi yaya tiene un brillo especial\u00bb en la Biblioteca Municipal de G\u00e1ldar, Gran Canaria.<\/p>\n<p>&#8216;Mi yaya tiene un brillo especial&#8217; de la escritora galdense Dulce Mar\u00eda D\u00edaz Mendoza.<\/p>\n<p>\ud83d\udcab Tommy y Norberto emprenden la aventura m\u00e1gica de buscar una estrella en el cielo para enviarle a su abuela todo el cari\u00f1o que guardan. Porque el amor verdadero nunca se apaga\u2026<\/p>\n<p>\u2728 La presentaci\u00f3n estar\u00e1 a cargo de la escritora Lou Arroyo, para guiar al p\u00fablico por esta narrativa llena de ternura, recuerdos y valores que nos recuerdan lo esencial.<\/p>\n<p>Entrada libre hasta completar aforo.<\/p>","excerpt":"","slug":"presentacion-libro-mi-yaya-tiene-un-brillo-especial","image":{"url":"https:\/\/calendarioeventos.com\/wp-content\/uploads\/2026\/01\/Screenshot-2026-01-28-at-18-47-27-Instagram.avif","id":54596,"extension":"avif","width":1116,"height":1116,"filesize":202204,"sizes":{"medium":{"width":300,"height":300,"mime-type":"image\/avif","filesize":28255,"sources":{"image\/avif":{"file":"Screenshot-2026-01-28-at-18-47-27-Instagram-300x300.avif","filesize":28255}},"url":"https:\/\/calendarioeventos.com\/wp-content\/uploads\/2026\/01\/Screenshot-2026-01-28-at-18-47-27-Instagram-300x300.avif"},"large":{"width":1024,"height":1024,"mime-type":"image\/avif","filesize":162649,"sources":{"image\/avif":{"file":"Screenshot-2026-01-28-at-18-47-27-Instagram-1024x1024.avif","filesize":162649}},"url":"https:\/\/calendarioeventos.com\/wp-content\/uploads\/2026\/01\/Screenshot-2026-01-28-at-18-47-27-Instagram-1024x1024.avif"},"thumbnail":{"width":150,"height":150,"mime-type":"image\/avif","filesize":8955,"sources":{"image\/avif":{"file":"Screenshot-2026-01-28-at-18-47-27-Instagram-150x150.avif","filesize":8955}},"url":"https:\/\/calendarioeventos.com\/wp-content\/uploads\/2026\/01\/Screenshot-2026-01-28-at-18-47-27-Instagram-150x150.avif"},"medium_large":{"width":768,"height":768,"mime-type":"image\/avif","filesize":116451,"sources":{"image\/avif":{"file":"Screenshot-2026-01-28-at-18-47-27-Instagram-768x768.avif","filesize":116451}},"url":"https:\/\/calendarioeventos.com\/wp-content\/uploads\/2026\/01\/Screenshot-2026-01-28-at-18-47-27-Instagram-768x768.avif"},"cmplz_banner_image":{"width":350,"height":100,"mime-type":"image\/avif","filesize":12493,"url":"https:\/\/calendarioeventos.com\/wp-content\/uploads\/2026\/01\/Screenshot-2026-01-28-at-18-47-27-Instagram-350x100.avif"}},"original_image":"Screenshot-2026-01-28-at-18-47-27-Instagram.png","dominant_color":"4b566d","has_transparency":true,"sources":{"image\/avif":{"file":"Screenshot-2026-01-28-at-18-47-27-Instagram.avif","filesize":202204}}},"all_day":false,"start_date":"2026-01-30 19:00:00","start_date_details":{"year":"2026","month":"01","day":"30","hour":"19","minutes":"00","seconds":"00"},"end_date":"2026-01-30 20:00:00","end_date_details":{"year":"2026","month":"01","day":"30","hour":"20","minutes":"00","seconds":"00"},"utc_start_date":"2026-01-30 19:00:00","utc_start_date_details":{"year":"2026","month":"01","day":"30","hour":"19","minutes":"00","seconds":"00"},"utc_end_date":"2026-01-30 20:00:00","utc_end_date_details":{"year":"2026","month":"01","day":"30","hour":"20","minutes":"00","seconds":"00"},"timezone":"Europe\/London","timezone_abbr":"GMT","cost":"Free","cost_details":{"currency_symbol":"\u20ac","currency_code":"EUR","currency_position":"suffix","values":["0"]},"website":"https:\/\/www.instagram.com\/p\/DUDJc17AtzO\/","show_map":true,"show_map_link":true,"hide_from_listings":false,"sticky":false,"featured":false,"categories":[{"name":"Actividades","slug":"actividades","term_group":0,"term_taxonomy_id":37,"taxonomy":"tribe_events_cat","description":"","parent":0,"count":2606,"filter":"raw","id":37,"urls":{"self":"https:\/\/calendarioeventos.com\/en\/wp-json\/tribe\/events\/v1\/categories\/37","collection":"https:\/\/calendarioeventos.com\/en\/wp-json\/tribe\/events\/v1\/categories"}},{"name":"Eventos gratuitos","slug":"eventos-gratuitos","term_group":0,"term_taxonomy_id":36,"taxonomy":"tribe_events_cat","description":"","parent":35,"count":3630,"filter":"raw","id":36,"urls":{"self":"https:\/\/calendarioeventos.com\/en\/wp-json\/tribe\/events\/v1\/categories\/36","collection":"https:\/\/calendarioeventos.com\/en\/wp-json\/tribe\/events\/v1\/categories","up":"https:\/\/calendarioeventos.com\/en\/wp-json\/tribe\/events\/v1\/categories\/35"}},{"name":"G\u00e1ldar","slug":"galdar","term_group":0,"term_taxonomy_id":76,"taxonomy":"tribe_events_cat","description":"","parent":50,"count":264,"filter":"raw","id":76,"urls":{"self":"https:\/\/calendarioeventos.com\/en\/wp-json\/tribe\/events\/v1\/categories\/76","collection":"https:\/\/calendarioeventos.com\/en\/wp-json\/tribe\/events\/v1\/categories","up":"https:\/\/calendarioeventos.com\/en\/wp-json\/tribe\/events\/v1\/categories\/50"}},{"name":"Literatura","slug":"literatura","term_group":0,"term_taxonomy_id":105,"taxonomy":"tribe_events_cat","description":"","parent":39,"count":629,"filter":"raw","id":105,"urls":{"self":"https:\/\/calendarioeventos.com\/en\/wp-json\/tribe\/events\/v1\/categories\/105","collection":"https:\/\/calendarioeventos.com\/en\/wp-json\/tribe\/events\/v1\/categories","up":"https:\/\/calendarioeventos.com\/en\/wp-json\/tribe\/events\/v1\/categories\/39"}},{"name":"Presentaci\u00f3n","slug":"presentacion","term_group":0,"term_taxonomy_id":153,"taxonomy":"tribe_events_cat","description":"","parent":37,"count":346,"filter":"raw","id":153,"urls":{"self":"https:\/\/calendarioeventos.com\/en\/wp-json\/tribe\/events\/v1\/categories\/153","collection":"https:\/\/calendarioeventos.com\/en\/wp-json\/tribe\/events\/v1\/categories","up":"https:\/\/calendarioeventos.com\/en\/wp-json\/tribe\/events\/v1\/categories\/37"}}],"tags":[{"name":"G\u00e1ldar","slug":"galdar","term_group":0,"term_taxonomy_id":75,"taxonomy":"post_tag","description":"","parent":0,"count":248,"filter":"raw","id":75,"urls":{"self":"https:\/\/calendarioeventos.com\/en\/wp-json\/tribe\/events\/v1\/tags\/75","collection":"https:\/\/calendarioeventos.com\/en\/wp-json\/tribe\/events\/v1\/tags"}},{"name":"Gran Canaria","slug":"gran-canaria","term_group":0,"term_taxonomy_id":30,"taxonomy":"post_tag","description":"","parent":0,"count":5581,"filter":"raw","id":30,"urls":{"self":"https:\/\/calendarioeventos.com\/en\/wp-json\/tribe\/events\/v1\/tags\/30","collection":"https:\/\/calendarioeventos.com\/en\/wp-json\/tribe\/events\/v1\/tags"}},{"name":"Gratis","slug":"gratis","term_group":0,"term_taxonomy_id":31,"taxonomy":"post_tag","description":"","parent":0,"count":3498,"filter":"raw","id":31,"urls":{"self":"https:\/\/calendarioeventos.com\/en\/wp-json\/tribe\/events\/v1\/tags\/31","collection":"https:\/\/calendarioeventos.com\/en\/wp-json\/tribe\/events\/v1\/tags"}},{"name":"Literatura","slug":"literatura","term_group":0,"term_taxonomy_id":82,"taxonomy":"post_tag","description":"","parent":0,"count":490,"filter":"raw","id":82,"urls":{"self":"https:\/\/calendarioeventos.com\/en\/wp-json\/tribe\/events\/v1\/tags\/82","collection":"https:\/\/calendarioeventos.com\/en\/wp-json\/tribe\/events\/v1\/tags"}},{"name":"Presentaci\u00f3n","slug":"presentacion","term_group":0,"term_taxonomy_id":152,"taxonomy":"post_tag","description":"","parent":0,"count":338,"filter":"raw","id":152,"urls":{"self":"https:\/\/calendarioeventos.com\/en\/wp-json\/tribe\/events\/v1\/tags\/152","collection":"https:\/\/calendarioeventos.com\/en\/wp-json\/tribe\/events\/v1\/tags"}}],"venue":{"id":1508,"author":"1","status":"publish","date":"2024-04-25 00:00:00","date_utc":"2024-04-24 23:00:00","modified":"2024-04-25 00:00:00","modified_utc":"2024-04-24 23:00:00","url":"https:\/\/calendarioeventos.com\/en\/venue\/biblioteca-municipal-galdar\/","venue":"Biblioteca Municipal Galdar","slug":"biblioteca-municipal-galdar","address":"C. Guaires, 0, 35460 G\u00e1ldar, Las Palmas","json_ld":{"@type":"Place","name":"Biblioteca Municipal Galdar","description":"","url":"https:\/\/calendarioeventos.com\/en\/venue\/biblioteca-municipal-galdar\/","address":{"@type":"PostalAddress","streetAddress":"C. Guaires, 0, 35460 G\u00e1ldar, Las Palmas"},"telephone":"","sameAs":""},"show_map":true,"show_map_link":true,"global_id":"calendarioeventos.com\/en?id=1508","global_id_lineage":["calendarioeventos.com\/en?id=1508"]},"organizer":[{"id":2707,"author":"1","status":"publish","date":"2024-10-14 00:00:00","date_utc":"2024-10-13 23:00:00","modified":"2025-09-22 00:08:19","modified_utc":"2025-09-21 23:08:19","url":"https:\/\/calendarioeventos.com\/en\/organiser\/no-especificado\/","organizer":"No especificado","description":"<p>Organizador no especificado &#8211; por defecto<\/p>","slug":"no-especificado","json_ld":{"@type":"Person","name":"No especificado","description":"&lt;p&gt;Organizador no especificado - por defecto&lt;\/p&gt;\\n","url":"","telephone":"","email":"","sameAs":""},"global_id":"calendarioeventos.com\/en?id=2707","global_id_lineage":["calendarioeventos.com\/en?id=2707"]}],"custom_fields":[],"json_ld":{"@context":"http:\/\/schema.org","@type":"Event","name":"Presentaci\u00f3n &#8211; Libro \u00abMi yaya tiene un brillo especial\u00bb","description":"&lt;p&gt;Presentaci\u00f3n del Libro &quot;Mi yaya tiene un brillo especial&quot; en la Biblioteca Municipal de G\u00e1ldar, Gran Canaria. \\'Mi yaya tiene un brillo especial\\' de la escritora galdense Dulce Mar\u00eda D\u00edaz [&hellip;]&lt;\/p&gt;\\n","image":"https:\/\/calendarioeventos.com\/wp-content\/uploads\/2026\/01\/Screenshot-2026-01-28-at-18-47-27-Instagram.avif","url":"https:\/\/calendarioeventos.com\/en\/evento\/presentacion-libro-mi-yaya-tiene-un-brillo-especial\/","eventAttendanceMode":"https:\/\/schema.org\/OfflineEventAttendanceMode","eventStatus":"https:\/\/schema.org\/EventScheduled","startDate":"2026-01-30T19:00:00+00:00","endDate":"2026-01-30T20:00:00+00:00","location":{"@type":"Place","name":"Biblioteca Municipal Galdar","description":"","url":"https:\/\/calendarioeventos.com\/en\/venue\/biblioteca-municipal-galdar\/","address":{"@type":"PostalAddress","streetAddress":"C. Guaires, 0, 35460 G\u00e1ldar, Las Palmas"},"telephone":"","sameAs":""},"organizer":{"@type":"Person","name":"No especificado","description":"&lt;p&gt;Organizador no especificado - por defecto&lt;\/p&gt;\\n","url":"","telephone":"","email":"","sameAs":""},"offers":{"@type":"Offer","price":"0","priceCurrency":"EUR","url":"https:\/\/calendarioeventos.com\/en\/evento\/presentacion-libro-mi-yaya-tiene-un-brillo-especial\/","category":"primary","availability":"inStock","validFrom":"1970-01-01T00:00:00+00:00"},"performer":"Organization"},"is_virtual":false,"virtual_url":null,"virtual_video_source":""}