{"id":76339,"global_id":"calendarioeventos.com\/en?id=76339","global_id_lineage":["calendarioeventos.com\/en?id=76339"],"author":"2","status":"publish","date":"2026-04-28 12:02:26","date_utc":"2026-04-28 11:02:26","modified":"2026-04-28 12:02:27","modified_utc":"2026-04-28 11:02:27","url":"https:\/\/calendarioeventos.com\/en\/evento\/teatro-la-rebelion-de-las-parias\/","rest_url":"https:\/\/calendarioeventos.com\/en\/wp-json\/tribe\/events\/v1\/events\/76339","title":"Teatro &#8211; \u00abLa rebeli\u00f3n de las parias\u00bb","description":"<p>Teatro \u2014 La rebeli\u00f3n de las parias en el Teatro V\u00edctor Jara, Santa Luc\u00eda de Tirajana, Gran Canaria.<\/p>\n<p>Temporada febrero &#8211; julio \u201826. En mayo llega La rebeli\u00f3n de las parias al Teatro V\u00edctor Jara.<\/p>\n<p><a href=\"https:\/\/www.tureservaonline.es\/es\/events\/la-rebelion-de-las-parias\" target=\"_blank\" rel=\"noopener noreferrer\">Entradas en el Ateneo Municipal y en este enlace <\/a><\/p>\n<p>La rebeli\u00f3n de las Parias es una pieza esc\u00e9nica que explora la memoria hist\u00f3rica a trav\u00e9s del di\u00e1logo entre voces femeninas silenciadas de distintas \u00e9pocas. Los versos del Siglo de Oro de autoras como Ana Abarca de Bolea, Sor Juana In\u00e9s de la Cruz, Leonor de la Cueva y Silva, Ana Caro o Mar\u00eda de Zayas se entrelazan con la prosa de mujeres marcadas por la Guerra Civil espa\u00f1ola, creando un espacio com\u00fan de memoria y resistencia. La obra conecta pasado y presente para reflexionar sobre las experiencias compartidas que atraviesan los siglos.<\/p>\n<p>Se trata de una propuesta experimental que fusiona lo cl\u00e1sico y lo contempor\u00e1neo, combinando el texto dram\u00e1tico con el lenguaje perform\u00e1tico, la m\u00fasica en directo y la exploraci\u00f3n de los recursos esc\u00e9nicos.<\/p>\n<p>S\u00e1bado 9 de mayo, 20.00 h. Una obra de Guaxara Baldassarre. Precio: 12 \u20ac.<\/p>","excerpt":"<p>La rebeli\u00f3n de las parias llega al Teatro V\u00edctor Jara (Santa Luc\u00eda de Tirajana) el s\u00e1bado 9 de mayo de 2026 a las 20:00. Entradas 12 \u20ac. &#8211; Eventos Gran Canaria<\/p>","slug":"teatro-la-rebelion-de-las-parias","image":{"url":"https:\/\/calendarioeventos.com\/wp-content\/uploads\/2026\/04\/teatro-la-rebeli-n-de-las-parias-1777374144547.avif","id":76338,"extension":"avif","width":1080,"height":1350,"filesize":126629,"sizes":{"medium":{"width":240,"height":300,"mime-type":"image\/avif","filesize":13068,"sources":{"image\/avif":{"file":"teatro-la-rebeli-n-de-las-parias-1777374144547-240x300.avif","filesize":13068}},"url":"https:\/\/calendarioeventos.com\/wp-content\/uploads\/2026\/04\/teatro-la-rebeli-n-de-las-parias-1777374144547-240x300.avif"},"large":{"width":819,"height":1024,"mime-type":"image\/avif","filesize":86743,"sources":{"image\/avif":{"file":"teatro-la-rebeli-n-de-las-parias-1777374144547-819x1024.avif","filesize":86743}},"url":"https:\/\/calendarioeventos.com\/wp-content\/uploads\/2026\/04\/teatro-la-rebeli-n-de-las-parias-1777374144547-819x1024.avif"},"thumbnail":{"width":150,"height":150,"mime-type":"image\/avif","filesize":5125,"sources":{"image\/avif":{"file":"teatro-la-rebeli-n-de-las-parias-1777374144547-150x150.avif","filesize":5125}},"url":"https:\/\/calendarioeventos.com\/wp-content\/uploads\/2026\/04\/teatro-la-rebeli-n-de-las-parias-1777374144547-150x150.avif"},"medium_large":{"width":768,"height":960,"mime-type":"image\/avif","filesize":79926,"sources":{"image\/avif":{"file":"teatro-la-rebeli-n-de-las-parias-1777374144547-768x960.avif","filesize":79926}},"url":"https:\/\/calendarioeventos.com\/wp-content\/uploads\/2026\/04\/teatro-la-rebeli-n-de-las-parias-1777374144547-768x960.avif"},"trp-custom-language-flag":{"width":10,"height":12,"mime-type":"image\/avif","filesize":387,"url":"https:\/\/calendarioeventos.com\/wp-content\/uploads\/2026\/04\/teatro-la-rebeli-n-de-las-parias-1777374144547-10x12.avif"}},"original_image":"teatro-la-rebeli-n-de-las-parias-1777374144547.jpeg","dominant_color":"aba197","sources":{"image\/avif":{"file":"teatro-la-rebeli-n-de-las-parias-1777374144547.avif","filesize":126629}}},"all_day":false,"start_date":"2026-05-09 20:00:00","start_date_details":{"year":"2026","month":"05","day":"09","hour":"20","minutes":"00","seconds":"00"},"end_date":"2026-05-09 21:30:00","end_date_details":{"year":"2026","month":"05","day":"09","hour":"21","minutes":"30","seconds":"00"},"utc_start_date":"2026-05-09 19:00:00","utc_start_date_details":{"year":"2026","month":"05","day":"09","hour":"19","minutes":"00","seconds":"00"},"utc_end_date":"2026-05-09 20:30:00","utc_end_date_details":{"year":"2026","month":"05","day":"09","hour":"20","minutes":"30","seconds":"00"},"timezone":"Europe\/London","timezone_abbr":"BST","cost":"12\u20ac","cost_details":{"currency_symbol":"","currency_code":"","currency_position":"","values":["12"]},"website":"https:\/\/www.instagram.com\/p\/DWR7OG0jlHi\/?utm_source=ig_embed","show_map":true,"show_map_link":true,"hide_from_listings":false,"sticky":false,"featured":false,"categories":[{"name":"Cultura","slug":"cultura","term_group":0,"term_taxonomy_id":39,"taxonomy":"tribe_events_cat","description":"","parent":0,"count":1964,"filter":"raw","id":39,"urls":{"self":"https:\/\/calendarioeventos.com\/en\/wp-json\/tribe\/events\/v1\/categories\/39","collection":"https:\/\/calendarioeventos.com\/en\/wp-json\/tribe\/events\/v1\/categories"}},{"name":"M\u00fasica","slug":"musica","term_group":0,"term_taxonomy_id":40,"taxonomy":"tribe_events_cat","description":"","parent":39,"count":2069,"filter":"raw","id":40,"urls":{"self":"https:\/\/calendarioeventos.com\/en\/wp-json\/tribe\/events\/v1\/categories\/40","collection":"https:\/\/calendarioeventos.com\/en\/wp-json\/tribe\/events\/v1\/categories","up":"https:\/\/calendarioeventos.com\/en\/wp-json\/tribe\/events\/v1\/categories\/39"}},{"name":"Santa Luc\u00eda de Tirajana","slug":"santa-lucia-de-tirajana","term_group":0,"term_taxonomy_id":69,"taxonomy":"tribe_events_cat","description":"","parent":50,"count":263,"filter":"raw","id":69,"urls":{"self":"https:\/\/calendarioeventos.com\/en\/wp-json\/tribe\/events\/v1\/categories\/69","collection":"https:\/\/calendarioeventos.com\/en\/wp-json\/tribe\/events\/v1\/categories","up":"https:\/\/calendarioeventos.com\/en\/wp-json\/tribe\/events\/v1\/categories\/50"}},{"name":"Teatro","slug":"teatro","term_group":0,"term_taxonomy_id":65,"taxonomy":"tribe_events_cat","description":"","parent":39,"count":365,"filter":"raw","id":65,"urls":{"self":"https:\/\/calendarioeventos.com\/en\/wp-json\/tribe\/events\/v1\/categories\/65","collection":"https:\/\/calendarioeventos.com\/en\/wp-json\/tribe\/events\/v1\/categories","up":"https:\/\/calendarioeventos.com\/en\/wp-json\/tribe\/events\/v1\/categories\/39"}}],"tags":[{"name":"Gran Canaria","slug":"gran-canaria","term_group":0,"term_taxonomy_id":30,"taxonomy":"post_tag","description":"","parent":0,"count":5367,"filter":"raw","id":30,"urls":{"self":"https:\/\/calendarioeventos.com\/en\/wp-json\/tribe\/events\/v1\/tags\/30","collection":"https:\/\/calendarioeventos.com\/en\/wp-json\/tribe\/events\/v1\/tags"}},{"name":"M\u00fasica","slug":"musica","term_group":0,"term_taxonomy_id":33,"taxonomy":"post_tag","description":"","parent":0,"count":2241,"filter":"raw","id":33,"urls":{"self":"https:\/\/calendarioeventos.com\/en\/wp-json\/tribe\/events\/v1\/tags\/33","collection":"https:\/\/calendarioeventos.com\/en\/wp-json\/tribe\/events\/v1\/tags"}},{"name":"Santa Luc\u00eda","slug":"santa-lucia","term_group":0,"term_taxonomy_id":67,"taxonomy":"post_tag","description":"","parent":0,"count":240,"filter":"raw","id":67,"urls":{"self":"https:\/\/calendarioeventos.com\/en\/wp-json\/tribe\/events\/v1\/tags\/67","collection":"https:\/\/calendarioeventos.com\/en\/wp-json\/tribe\/events\/v1\/tags"}},{"name":"Teatro","slug":"teatro","term_group":0,"term_taxonomy_id":64,"taxonomy":"post_tag","description":"","parent":0,"count":367,"filter":"raw","id":64,"urls":{"self":"https:\/\/calendarioeventos.com\/en\/wp-json\/tribe\/events\/v1\/tags\/64","collection":"https:\/\/calendarioeventos.com\/en\/wp-json\/tribe\/events\/v1\/tags"}}],"venue":{"id":1310,"author":"1","status":"publish","date":"2023-12-26 00:00:00","date_utc":"2023-12-26 00:00:00","modified":"2023-12-26 00:00:00","modified_utc":"2023-12-26 00:00:00","url":"https:\/\/calendarioeventos.com\/en\/venue\/teatro-victor-jara\/","venue":"Teatro Victor Jara","slug":"teatro-victor-jara","address":"C\/ V\u00edctor Jara, s\/n","city":"Vecindario","country":"Espa\u00f1a","province":"Las Palmas","zip":"35110","phone":"928 75 58 87","json_ld":{"@type":"Place","name":"Teatro Victor Jara","description":"","url":"https:\/\/calendarioeventos.com\/en\/venue\/teatro-victor-jara\/","address":{"@type":"PostalAddress","streetAddress":"C\/ V\u00edctor Jara, s\/n","addressLocality":"Vecindario","addressRegion":"Las Palmas","postalCode":"35110","addressCountry":"Espa\u00f1a"},"telephone":"928 75 58 87","sameAs":""},"show_map":true,"show_map_link":true,"global_id":"calendarioeventos.com\/en?id=1310","global_id_lineage":["calendarioeventos.com\/en?id=1310"]},"organizer":[],"custom_fields":[],"json_ld":{"@context":"http:\/\/schema.org","@type":"Event","name":"Teatro &#8211; \u00abLa rebeli\u00f3n de las parias\u00bb","description":"&lt;p&gt;La rebeli\u00f3n de las parias llega al Teatro V\u00edctor Jara (Santa Luc\u00eda de Tirajana) el s\u00e1bado 9 de mayo de 2026 a las 20:00. Entradas 12 \u20ac. - Eventos Gran Canaria&lt;\/p&gt;\\n","image":"https:\/\/calendarioeventos.com\/wp-content\/uploads\/2026\/04\/teatro-la-rebeli-n-de-las-parias-1777374144547.avif","url":"https:\/\/calendarioeventos.com\/en\/evento\/teatro-la-rebelion-de-las-parias\/","eventAttendanceMode":"https:\/\/schema.org\/OfflineEventAttendanceMode","eventStatus":"https:\/\/schema.org\/EventScheduled","startDate":"2026-05-09T20:00:00+01:00","endDate":"2026-05-09T21:30:00+01:00","location":{"@type":"Place","name":"Teatro Victor Jara","description":"","url":"https:\/\/calendarioeventos.com\/en\/venue\/teatro-victor-jara\/","address":{"@type":"PostalAddress","streetAddress":"C\/ V\u00edctor Jara, s\/n","addressLocality":"Vecindario","addressRegion":"Las Palmas","postalCode":"35110","addressCountry":"Espa\u00f1a"},"telephone":"928 75 58 87","sameAs":""},"offers":{"@type":"Offer","price":"12","priceCurrency":"EUR","url":"https:\/\/calendarioeventos.com\/en\/evento\/teatro-la-rebelion-de-las-parias\/","category":"primary","availability":"inStock","validFrom":"1970-01-01T00:00:00+00:00"},"performer":"Organization"},"is_virtual":false,"virtual_url":null,"virtual_video_source":""}