{"id":76433,"global_id":"calendarioeventos.com\/en?id=76433","global_id_lineage":["calendarioeventos.com\/en?id=76433"],"author":"2","status":"publish","date":"2026-04-28 18:42:35","date_utc":"2026-04-28 17:42:35","modified":"2026-04-28 18:42:36","modified_utc":"2026-04-28 17:42:36","url":"https:\/\/calendarioeventos.com\/en\/evento\/taller-arquigrafias-vegueta-%c2%b7-sketch-en-la-calle\/","rest_url":"https:\/\/calendarioeventos.com\/en\/wp-json\/tribe\/events\/v1\/events\/76433","title":"Taller \u2014 \u00abArquigraf\u00edas: Vegueta \u00b7 Sketch en la calle\u00bb","description":"<p>Taller \u2014 Arquigraf\u00edas: Vegueta \u00b7 Sketch en la calle en Vegueta, Las Palmas de Gran Canaria.<\/p>\n<p>Salimos a dibujar lo que la ciudad nos cuenta. Despu\u00e9s de la aventura en Arucas, tenemos una nueva fecha. Nos vamos de aventura por Vegueta, con l\u00e1piz en mano. En este Taller saldremos a la calle para describir y dibujar los edificios m\u00e1s interesantes y emblem\u00e1ticos. Mientras aprendemos sketch r\u00e1pido y dibujo a mano alzada, entrenaremos nuestros ojos curiosos y nuestra creatividad, porque cada rinc\u00f3n tiene una historia que dibujar.<\/p>\n<p>Con Arianna Valzania y Mar Padilla.<\/p>\n<p>Domingo 17 de mayo a las 11.00h.<br \/>Punto de encuentro: Vegueta.<br \/>M\u00e1s informaci\u00f3n y reservas: <a href=\"tel:+34649300304\" target=\"_blank\" rel=\"noopener noreferrer\">649300304<\/a>.<\/p>","excerpt":"<p>Taller de sketch en la calle por Vegueta con Arianna Valzania y Mar Padilla. Domingo 17 de mayo a las 11:00. Reservas: 649300304. &#8211; Eventos Gran Canaria<\/p>","slug":"taller-arquigrafias-vegueta-%c2%b7-sketch-en-la-calle","image":{"url":"https:\/\/calendarioeventos.com\/wp-content\/uploads\/2026\/04\/taller-arquigraf-as-vegueta-sketch-en-la-cal-1777398152712.avif","id":76432,"extension":"avif","width":1080,"height":1350,"filesize":206259,"sizes":{"medium":{"width":240,"height":300,"mime-type":"image\/avif","filesize":20150,"sources":{"image\/avif":{"file":"taller-arquigraf-as-vegueta-sketch-en-la-cal-1777398152712-240x300.avif","filesize":20150}},"url":"https:\/\/calendarioeventos.com\/wp-content\/uploads\/2026\/04\/taller-arquigraf-as-vegueta-sketch-en-la-cal-1777398152712-240x300.avif"},"large":{"width":819,"height":1024,"mime-type":"image\/avif","filesize":157551,"sources":{"image\/avif":{"file":"taller-arquigraf-as-vegueta-sketch-en-la-cal-1777398152712-819x1024.avif","filesize":157551}},"url":"https:\/\/calendarioeventos.com\/wp-content\/uploads\/2026\/04\/taller-arquigraf-as-vegueta-sketch-en-la-cal-1777398152712-819x1024.avif"},"thumbnail":{"width":150,"height":150,"mime-type":"image\/avif","filesize":7385,"sources":{"image\/avif":{"file":"taller-arquigraf-as-vegueta-sketch-en-la-cal-1777398152712-150x150.avif","filesize":7385}},"url":"https:\/\/calendarioeventos.com\/wp-content\/uploads\/2026\/04\/taller-arquigraf-as-vegueta-sketch-en-la-cal-1777398152712-150x150.avif"},"medium_large":{"width":768,"height":960,"mime-type":"image\/avif","filesize":143525,"sources":{"image\/avif":{"file":"taller-arquigraf-as-vegueta-sketch-en-la-cal-1777398152712-768x960.avif","filesize":143525}},"url":"https:\/\/calendarioeventos.com\/wp-content\/uploads\/2026\/04\/taller-arquigraf-as-vegueta-sketch-en-la-cal-1777398152712-768x960.avif"},"trp-custom-language-flag":{"width":10,"height":12,"mime-type":"image\/avif","filesize":355,"url":"https:\/\/calendarioeventos.com\/wp-content\/uploads\/2026\/04\/taller-arquigraf-as-vegueta-sketch-en-la-cal-1777398152712-10x12.avif"}},"original_image":"taller-arquigraf-as-vegueta-sketch-en-la-cal-1777398152712.jpeg","dominant_color":"bab5aa","sources":{"image\/avif":{"file":"taller-arquigraf-as-vegueta-sketch-en-la-cal-1777398152712.avif","filesize":206259}}},"all_day":false,"start_date":"2026-05-17 11:00:00","start_date_details":{"year":"2026","month":"05","day":"17","hour":"11","minutes":"00","seconds":"00"},"end_date":"2026-05-17 12:30:00","end_date_details":{"year":"2026","month":"05","day":"17","hour":"12","minutes":"30","seconds":"00"},"utc_start_date":"2026-05-17 10:00:00","utc_start_date_details":{"year":"2026","month":"05","day":"17","hour":"10","minutes":"00","seconds":"00"},"utc_end_date":"2026-05-17 11:30:00","utc_end_date_details":{"year":"2026","month":"05","day":"17","hour":"11","minutes":"30","seconds":"00"},"timezone":"Europe\/London","timezone_abbr":"BST","cost":"","cost_details":{"currency_symbol":"","currency_code":"","currency_position":"","values":[]},"website":"https:\/\/www.instagram.com\/p\/DXMqqUDjLHQ\/?utm_source=ig_embed","show_map":true,"show_map_link":true,"hide_from_listings":false,"sticky":false,"featured":false,"categories":[{"name":"Actividades","slug":"actividades","term_group":0,"term_taxonomy_id":37,"taxonomy":"tribe_events_cat","description":"","parent":0,"count":2552,"filter":"raw","id":37,"urls":{"self":"https:\/\/calendarioeventos.com\/en\/wp-json\/tribe\/events\/v1\/categories\/37","collection":"https:\/\/calendarioeventos.com\/en\/wp-json\/tribe\/events\/v1\/categories"}},{"name":"Las Palmas de GC","slug":"las-palmas-de-gc","term_group":0,"term_taxonomy_id":51,"taxonomy":"tribe_events_cat","description":"","parent":50,"count":2697,"filter":"raw","id":51,"urls":{"self":"https:\/\/calendarioeventos.com\/en\/wp-json\/tribe\/events\/v1\/categories\/51","collection":"https:\/\/calendarioeventos.com\/en\/wp-json\/tribe\/events\/v1\/categories","up":"https:\/\/calendarioeventos.com\/en\/wp-json\/tribe\/events\/v1\/categories\/50"}},{"name":"Taller","slug":"taller","term_group":0,"term_taxonomy_id":44,"taxonomy":"tribe_events_cat","description":"","parent":37,"count":972,"filter":"raw","id":44,"urls":{"self":"https:\/\/calendarioeventos.com\/en\/wp-json\/tribe\/events\/v1\/categories\/44","collection":"https:\/\/calendarioeventos.com\/en\/wp-json\/tribe\/events\/v1\/categories","up":"https:\/\/calendarioeventos.com\/en\/wp-json\/tribe\/events\/v1\/categories\/37"}}],"tags":[{"name":"Arte","slug":"arte","term_group":0,"term_taxonomy_id":26,"taxonomy":"post_tag","description":"","parent":0,"count":418,"filter":"raw","id":26,"urls":{"self":"https:\/\/calendarioeventos.com\/en\/wp-json\/tribe\/events\/v1\/tags\/26","collection":"https:\/\/calendarioeventos.com\/en\/wp-json\/tribe\/events\/v1\/tags"}},{"name":"Dibujo","slug":"dibujo","term_group":0,"term_taxonomy_id":132,"taxonomy":"post_tag","description":"","parent":0,"count":6,"filter":"raw","id":132,"urls":{"self":"https:\/\/calendarioeventos.com\/en\/wp-json\/tribe\/events\/v1\/tags\/132","collection":"https:\/\/calendarioeventos.com\/en\/wp-json\/tribe\/events\/v1\/tags"}},{"name":"Gran Canaria","slug":"gran-canaria","term_group":0,"term_taxonomy_id":30,"taxonomy":"post_tag","description":"","parent":0,"count":5399,"filter":"raw","id":30,"urls":{"self":"https:\/\/calendarioeventos.com\/en\/wp-json\/tribe\/events\/v1\/tags\/30","collection":"https:\/\/calendarioeventos.com\/en\/wp-json\/tribe\/events\/v1\/tags"}},{"name":"Las Palmas","slug":"las-palmas","term_group":0,"term_taxonomy_id":32,"taxonomy":"post_tag","description":"","parent":0,"count":2639,"filter":"raw","id":32,"urls":{"self":"https:\/\/calendarioeventos.com\/en\/wp-json\/tribe\/events\/v1\/tags\/32","collection":"https:\/\/calendarioeventos.com\/en\/wp-json\/tribe\/events\/v1\/tags"}},{"name":"Taller","slug":"taller","term_group":0,"term_taxonomy_id":34,"taxonomy":"post_tag","description":"","parent":0,"count":951,"filter":"raw","id":34,"urls":{"self":"https:\/\/calendarioeventos.com\/en\/wp-json\/tribe\/events\/v1\/tags\/34","collection":"https:\/\/calendarioeventos.com\/en\/wp-json\/tribe\/events\/v1\/tags"}},{"name":"Vegueta","slug":"vegueta","term_group":0,"term_taxonomy_id":423,"taxonomy":"post_tag","description":"","parent":0,"count":7,"filter":"raw","id":423,"urls":{"self":"https:\/\/calendarioeventos.com\/en\/wp-json\/tribe\/events\/v1\/tags\/423","collection":"https:\/\/calendarioeventos.com\/en\/wp-json\/tribe\/events\/v1\/tags"}}],"venue":{"id":1649,"author":"1","status":"publish","date":"2024-06-18 00:00:00","date_utc":"2024-06-17 23:00:00","modified":"2024-06-18 00:00:00","modified_utc":"2024-06-17 23:00:00","url":"https:\/\/calendarioeventos.com\/en\/venue\/vegueta\/","venue":"Vegueta","slug":"vegueta","address":"35001 Las Palmas de Gran Canaria, Las Palmas","json_ld":{"@type":"Place","name":"Vegueta","description":"","url":"https:\/\/calendarioeventos.com\/en\/venue\/vegueta\/","address":{"@type":"PostalAddress","streetAddress":"35001 Las Palmas de Gran Canaria, Las Palmas"},"telephone":"","sameAs":""},"show_map":true,"show_map_link":true,"global_id":"calendarioeventos.com\/en?id=1649","global_id_lineage":["calendarioeventos.com\/en?id=1649"]},"organizer":[],"custom_fields":[],"json_ld":{"@context":"http:\/\/schema.org","@type":"Event","name":"Taller \u2014 \u00abArquigraf\u00edas: Vegueta \u00b7 Sketch en la calle\u00bb","description":"&lt;p&gt;Taller de sketch en la calle por Vegueta con Arianna Valzania y Mar Padilla. Domingo 17 de mayo a las 11:00. Reservas: 649300304. - Eventos Gran Canaria&lt;\/p&gt;\\n","image":"https:\/\/calendarioeventos.com\/wp-content\/uploads\/2026\/04\/taller-arquigraf-as-vegueta-sketch-en-la-cal-1777398152712.avif","url":"https:\/\/calendarioeventos.com\/en\/evento\/taller-arquigrafias-vegueta-%c2%b7-sketch-en-la-calle\/","eventAttendanceMode":"https:\/\/schema.org\/OfflineEventAttendanceMode","eventStatus":"https:\/\/schema.org\/EventScheduled","startDate":"2026-05-17T11:00:00+01:00","endDate":"2026-05-17T12:30:00+01:00","location":{"@type":"Place","name":"Vegueta","description":"","url":"https:\/\/calendarioeventos.com\/en\/venue\/vegueta\/","address":{"@type":"PostalAddress","streetAddress":"35001 Las Palmas de Gran Canaria, Las Palmas"},"telephone":"","sameAs":""},"performer":"Organization"},"is_virtual":false,"virtual_url":null,"virtual_video_source":""}