{"id":76487,"global_id":"calendarioeventos.com\/en?id=76487","global_id_lineage":["calendarioeventos.com\/en?id=76487"],"author":"2","status":"publish","date":"2026-04-28 19:28:49","date_utc":"2026-04-28 18:28:49","modified":"2026-04-28 19:28:50","modified_utc":"2026-04-28 18:28:50","url":"https:\/\/calendarioeventos.com\/en\/evento\/charla-herramientas-para-la-gestion-conductual-profesionales\/","rest_url":"https:\/\/calendarioeventos.com\/en\/wp-json\/tribe\/events\/v1\/events\/76487","title":"Charla \u2014 \u00abHerramientas para la gesti\u00f3n conductual\u00bb &#8211; Profesionales","description":"<p>Charla \u2014 V Jornadas de Educaci\u00f3n en Mog\u00e1n: Herramientas para la gesti\u00f3n conductual (para Profesionales) en el Centro Polivalente de Arguinegu\u00edn, Mog\u00e1n, Gran Canaria.<\/p>\n<p>V Jornadas de Educaci\u00f3n en Mog\u00e1n<br \/>Herramientas para la gesti\u00f3n conductual<br \/>Lunes 25 de mayo de 2026<br \/>Centro Polivalente de Arguinegu\u00edn<\/p>\n<p>Horarios:<br \/>10:00 \u2013 12:00 horas | Profesionales<br \/>17:30 \u2013 19:30 horas | Familias<\/p>\n<p>Ponente: Rayco Quesada Calero.<br \/>Pedagogo. Dinamizador de pr\u00e1cticas inclusivas. Director de la Fundaci\u00f3n Nemo.<\/p>\n<p>Con servicio de ludoteca (con inscripci\u00f3n previa).<br \/>Aforo limitado.<\/p>\n<p>Reserva de entradas: <a href=\"https:\/\/eventosmogan.com\" target=\"_blank\" rel=\"noopener noreferrer\">eventosmogan.com<\/a><br \/>M\u00e1s informaci\u00f3n: 928 15 88 00 (Ext. 5153) \/ 679 294 482<br \/><a href=\"mailto:educacion@mogan.es\" target=\"_blank\" rel=\"noopener noreferrer\">educacion@mogan.es<\/a><br \/>Organiza: Concejal\u00eda de Educaci\u00f3n del Ayuntamiento de Mog\u00e1n<\/p>","excerpt":"<p>V Jornadas de Educaci\u00f3n en Mog\u00e1n: charla \u201cHerramientas para la gesti\u00f3n conductual\u201d para profesionales, 25\/05\/2026 en el Centro Polivalente de Arguinegu\u00edn.<\/p>","slug":"charla-herramientas-para-la-gestion-conductual-profesionales","image":{"url":"https:\/\/calendarioeventos.com\/wp-content\/uploads\/2026\/04\/charla-herramientas-para-la-gesti-n-conductual-1777400927930.avif","id":76486,"extension":"avif","width":1080,"height":1350,"filesize":170589,"sizes":{"medium":{"width":240,"height":300,"mime-type":"image\/avif","filesize":18997,"sources":{"image\/avif":{"file":"charla-herramientas-para-la-gesti-n-conductual-1777400927930-240x300.avif","filesize":18997}},"url":"https:\/\/calendarioeventos.com\/wp-content\/uploads\/2026\/04\/charla-herramientas-para-la-gesti-n-conductual-1777400927930-240x300.avif"},"large":{"width":819,"height":1024,"mime-type":"image\/avif","filesize":97853,"sources":{"image\/avif":{"file":"charla-herramientas-para-la-gesti-n-conductual-1777400927930-819x1024.avif","filesize":97853}},"url":"https:\/\/calendarioeventos.com\/wp-content\/uploads\/2026\/04\/charla-herramientas-para-la-gesti-n-conductual-1777400927930-819x1024.avif"},"thumbnail":{"width":150,"height":150,"mime-type":"image\/avif","filesize":7192,"sources":{"image\/avif":{"file":"charla-herramientas-para-la-gesti-n-conductual-1777400927930-150x150.avif","filesize":7192}},"url":"https:\/\/calendarioeventos.com\/wp-content\/uploads\/2026\/04\/charla-herramientas-para-la-gesti-n-conductual-1777400927930-150x150.avif"},"medium_large":{"width":768,"height":960,"mime-type":"image\/avif","filesize":90997,"sources":{"image\/avif":{"file":"charla-herramientas-para-la-gesti-n-conductual-1777400927930-768x960.avif","filesize":90997}},"url":"https:\/\/calendarioeventos.com\/wp-content\/uploads\/2026\/04\/charla-herramientas-para-la-gesti-n-conductual-1777400927930-768x960.avif"},"trp-custom-language-flag":{"width":10,"height":12,"mime-type":"image\/avif","filesize":369,"url":"https:\/\/calendarioeventos.com\/wp-content\/uploads\/2026\/04\/charla-herramientas-para-la-gesti-n-conductual-1777400927930-10x12.avif"}},"original_image":"charla-herramientas-para-la-gesti-n-conductual-1777400927930.jpeg","dominant_color":"e6e0e2","sources":{"image\/avif":{"file":"charla-herramientas-para-la-gesti-n-conductual-1777400927930.avif","filesize":170589}}},"all_day":false,"start_date":"2026-05-25 10:00:00","start_date_details":{"year":"2026","month":"05","day":"25","hour":"10","minutes":"00","seconds":"00"},"end_date":"2026-05-25 12:00:00","end_date_details":{"year":"2026","month":"05","day":"25","hour":"12","minutes":"00","seconds":"00"},"utc_start_date":"2026-05-25 09:00:00","utc_start_date_details":{"year":"2026","month":"05","day":"25","hour":"09","minutes":"00","seconds":"00"},"utc_end_date":"2026-05-25 11:00:00","utc_end_date_details":{"year":"2026","month":"05","day":"25","hour":"11","minutes":"00","seconds":"00"},"timezone":"Europe\/London","timezone_abbr":"BST","cost":"Free","cost_details":{"currency_symbol":"","currency_code":"","currency_position":"","values":["0.00"]},"website":"https:\/\/www.instagram.com\/p\/DXACwHZgU-O\/?utm_source=ig_embed","show_map":true,"show_map_link":true,"hide_from_listings":false,"sticky":false,"featured":false,"categories":[{"name":"Actividades","slug":"actividades","term_group":0,"term_taxonomy_id":37,"taxonomy":"tribe_events_cat","description":"","parent":0,"count":2551,"filter":"raw","id":37,"urls":{"self":"https:\/\/calendarioeventos.com\/en\/wp-json\/tribe\/events\/v1\/categories\/37","collection":"https:\/\/calendarioeventos.com\/en\/wp-json\/tribe\/events\/v1\/categories"}},{"name":"Charla","slug":"charla","term_group":0,"term_taxonomy_id":92,"taxonomy":"tribe_events_cat","description":"","parent":37,"count":551,"filter":"raw","id":92,"urls":{"self":"https:\/\/calendarioeventos.com\/en\/wp-json\/tribe\/events\/v1\/categories\/92","collection":"https:\/\/calendarioeventos.com\/en\/wp-json\/tribe\/events\/v1\/categories","up":"https:\/\/calendarioeventos.com\/en\/wp-json\/tribe\/events\/v1\/categories\/37"}},{"name":"Eventos gratuitos","slug":"eventos-gratuitos","term_group":0,"term_taxonomy_id":36,"taxonomy":"tribe_events_cat","description":"","parent":35,"count":3531,"filter":"raw","id":36,"urls":{"self":"https:\/\/calendarioeventos.com\/en\/wp-json\/tribe\/events\/v1\/categories\/36","collection":"https:\/\/calendarioeventos.com\/en\/wp-json\/tribe\/events\/v1\/categories","up":"https:\/\/calendarioeventos.com\/en\/wp-json\/tribe\/events\/v1\/categories\/35"}},{"name":"Mog\u00e1n","slug":"mogan","term_group":0,"term_taxonomy_id":116,"taxonomy":"tribe_events_cat","description":"","parent":50,"count":147,"filter":"raw","id":116,"urls":{"self":"https:\/\/calendarioeventos.com\/en\/wp-json\/tribe\/events\/v1\/categories\/116","collection":"https:\/\/calendarioeventos.com\/en\/wp-json\/tribe\/events\/v1\/categories","up":"https:\/\/calendarioeventos.com\/en\/wp-json\/tribe\/events\/v1\/categories\/50"}}],"tags":[{"name":"Arguinegu\u00edn","slug":"arguineguin","term_group":0,"term_taxonomy_id":238,"taxonomy":"post_tag","description":"","parent":0,"count":37,"filter":"raw","id":238,"urls":{"self":"https:\/\/calendarioeventos.com\/en\/wp-json\/tribe\/events\/v1\/tags\/238","collection":"https:\/\/calendarioeventos.com\/en\/wp-json\/tribe\/events\/v1\/tags"}},{"name":"Charla","slug":"charla","term_group":0,"term_taxonomy_id":90,"taxonomy":"post_tag","description":"","parent":0,"count":525,"filter":"raw","id":90,"urls":{"self":"https:\/\/calendarioeventos.com\/en\/wp-json\/tribe\/events\/v1\/tags\/90","collection":"https:\/\/calendarioeventos.com\/en\/wp-json\/tribe\/events\/v1\/tags"}},{"name":"Educaci\u00f3n","slug":"educacion","term_group":0,"term_taxonomy_id":500,"taxonomy":"post_tag","description":"","parent":0,"count":36,"filter":"raw","id":500,"urls":{"self":"https:\/\/calendarioeventos.com\/en\/wp-json\/tribe\/events\/v1\/tags\/500","collection":"https:\/\/calendarioeventos.com\/en\/wp-json\/tribe\/events\/v1\/tags"}},{"name":"Gran Canaria","slug":"gran-canaria","term_group":0,"term_taxonomy_id":30,"taxonomy":"post_tag","description":"","parent":0,"count":5398,"filter":"raw","id":30,"urls":{"self":"https:\/\/calendarioeventos.com\/en\/wp-json\/tribe\/events\/v1\/tags\/30","collection":"https:\/\/calendarioeventos.com\/en\/wp-json\/tribe\/events\/v1\/tags"}},{"name":"Gratis","slug":"gratis","term_group":0,"term_taxonomy_id":31,"taxonomy":"post_tag","description":"","parent":0,"count":3405,"filter":"raw","id":31,"urls":{"self":"https:\/\/calendarioeventos.com\/en\/wp-json\/tribe\/events\/v1\/tags\/31","collection":"https:\/\/calendarioeventos.com\/en\/wp-json\/tribe\/events\/v1\/tags"}},{"name":"Mog\u00e1n","slug":"mogan-2","term_group":0,"term_taxonomy_id":682,"taxonomy":"post_tag","description":"","parent":0,"count":54,"filter":"raw","id":682,"urls":{"self":"https:\/\/calendarioeventos.com\/en\/wp-json\/tribe\/events\/v1\/tags\/682","collection":"https:\/\/calendarioeventos.com\/en\/wp-json\/tribe\/events\/v1\/tags"}}],"venue":{"id":1483,"author":"1","status":"publish","date":"1970-01-01 00:00:00","date_utc":"1969-12-31 23:00:00","modified":"1970-01-01 00:00:00","modified_utc":"1969-12-31 23:00:00","url":"https:\/\/calendarioeventos.com\/en\/venue\/centro-polivalente-de-arguineguin\/","venue":"Centro Polivalente de Arguinegu\u00edn","slug":"centro-polivalente-de-arguineguin","address":"Calle Damasco","json_ld":{"@type":"Place","name":"Centro Polivalente de Arguinegu\u00edn","description":"","url":"https:\/\/calendarioeventos.com\/en\/venue\/centro-polivalente-de-arguineguin\/","address":{"@type":"PostalAddress","streetAddress":"Calle Damasco"},"telephone":"","sameAs":""},"show_map":true,"show_map_link":true,"global_id":"calendarioeventos.com\/en?id=1483","global_id_lineage":["calendarioeventos.com\/en?id=1483"]},"organizer":[],"custom_fields":[],"json_ld":{"@context":"http:\/\/schema.org","@type":"Event","name":"Charla \u2014 \u00abHerramientas para la gesti\u00f3n conductual\u00bb &#8211; Profesionales","description":"&lt;p&gt;V Jornadas de Educaci\u00f3n en Mog\u00e1n: charla \u201cHerramientas para la gesti\u00f3n conductual\u201d para profesionales, 25\/05\/2026 en el Centro Polivalente de Arguinegu\u00edn.&lt;\/p&gt;\\n","image":"https:\/\/calendarioeventos.com\/wp-content\/uploads\/2026\/04\/charla-herramientas-para-la-gesti-n-conductual-1777400927930.avif","url":"https:\/\/calendarioeventos.com\/en\/evento\/charla-herramientas-para-la-gestion-conductual-profesionales\/","eventAttendanceMode":"https:\/\/schema.org\/OfflineEventAttendanceMode","eventStatus":"https:\/\/schema.org\/EventScheduled","startDate":"2026-05-25T10:00:00+01:00","endDate":"2026-05-25T12:00:00+01:00","location":{"@type":"Place","name":"Centro Polivalente de Arguinegu\u00edn","description":"","url":"https:\/\/calendarioeventos.com\/en\/venue\/centro-polivalente-de-arguineguin\/","address":{"@type":"PostalAddress","streetAddress":"Calle Damasco"},"telephone":"","sameAs":""},"offers":{"@type":"Offer","price":"0","priceCurrency":"EUR","url":"https:\/\/calendarioeventos.com\/en\/evento\/charla-herramientas-para-la-gestion-conductual-profesionales\/","category":"primary","availability":"inStock","validFrom":"1970-01-01T00:00:00+00:00"},"performer":"Organization"},"is_virtual":false,"virtual_url":null,"virtual_video_source":""}