{"id":76692,"global_id":"calendarioeventos.com\/en?id=76692","global_id_lineage":["calendarioeventos.com\/en?id=76692"],"author":"2","status":"publish","date":"2026-04-29 09:00:26","date_utc":"2026-04-29 08:00:26","modified":"2026-04-29 09:00:27","modified_utc":"2026-04-29 08:00:27","url":"https:\/\/calendarioeventos.com\/en\/evento\/narracion-dias-de-cuentos-del-libro-al-cuento\/","rest_url":"https:\/\/calendarioeventos.com\/en\/wp-json\/tribe\/events\/v1\/events\/76692","title":"Narraci\u00f3n &#8211; \u00abD\u00edas de Cuentos: Del libro al cuento\u00bb","description":"<p>Narraci\u00f3n \u2014 D\u00edas de Cuentos: Del libro al cuento en el Centro Cultural Cronista Jos\u00e9 Antonio Luj\u00e1n Henr\u00edquez, Artenara, Gran Canaria.<\/p>\n<p>D\u00cdAS DE CUENTOS. XIX Circuito de Narraci\u00f3n Oral con el narrador Juan Antonio Gonz\u00e1lez con su espect\u00e1culo Del libro al cuento.<\/p>\n<p>Una actividad especial para celebrar el D\u00eda del Libro, donde las historias cobran vida y nos invitan a imaginar, sentir y compartir. Jueves 30 de abril de 2026, de 11:00 a 12:00 horas, en el Centro Cultural Cronista Jos\u00e9 Antonio Luj\u00e1n Henr\u00edquez.<\/p>\n<p>Dirigido a p\u00fablico infantil y familiar.<\/p>\n<p>El cuento cobra vida cuando sale de la p\u00e1gina.<\/p>","excerpt":"<p>D\u00edas de Cuentos: Del libro al cuento, narraci\u00f3n oral infantil y familiar con Juan Antonio Gonz\u00e1lez en Artenara (30\/04\/2026, 11:00). &#8211; Eventos Gran Canaria<\/p>","slug":"narracion-dias-de-cuentos-del-libro-al-cuento","image":{"url":"https:\/\/calendarioeventos.com\/wp-content\/uploads\/2026\/04\/narraci-n-d-as-de-cuentos-del-libro-al-cuento-1777449622816.avif","id":76691,"extension":"avif","width":1080,"height":1350,"filesize":214580,"sizes":{"medium":{"width":240,"height":300,"mime-type":"image\/avif","filesize":22179,"sources":{"image\/avif":{"file":"narraci-n-d-as-de-cuentos-del-libro-al-cuento-1777449622816-240x300.avif","filesize":22179}},"url":"https:\/\/calendarioeventos.com\/wp-content\/uploads\/2026\/04\/narraci-n-d-as-de-cuentos-del-libro-al-cuento-1777449622816-240x300.avif"},"large":{"width":819,"height":1024,"mime-type":"image\/avif","filesize":134882,"sources":{"image\/avif":{"file":"narraci-n-d-as-de-cuentos-del-libro-al-cuento-1777449622816-819x1024.avif","filesize":134882}},"url":"https:\/\/calendarioeventos.com\/wp-content\/uploads\/2026\/04\/narraci-n-d-as-de-cuentos-del-libro-al-cuento-1777449622816-819x1024.avif"},"thumbnail":{"width":150,"height":150,"mime-type":"image\/avif","filesize":8068,"sources":{"image\/avif":{"file":"narraci-n-d-as-de-cuentos-del-libro-al-cuento-1777449622816-150x150.avif","filesize":8068}},"url":"https:\/\/calendarioeventos.com\/wp-content\/uploads\/2026\/04\/narraci-n-d-as-de-cuentos-del-libro-al-cuento-1777449622816-150x150.avif"},"medium_large":{"width":768,"height":960,"mime-type":"image\/avif","filesize":125875,"sources":{"image\/avif":{"file":"narraci-n-d-as-de-cuentos-del-libro-al-cuento-1777449622816-768x960.avif","filesize":125875}},"url":"https:\/\/calendarioeventos.com\/wp-content\/uploads\/2026\/04\/narraci-n-d-as-de-cuentos-del-libro-al-cuento-1777449622816-768x960.avif"},"trp-custom-language-flag":{"width":10,"height":12,"mime-type":"image\/avif","filesize":378,"url":"https:\/\/calendarioeventos.com\/wp-content\/uploads\/2026\/04\/narraci-n-d-as-de-cuentos-del-libro-al-cuento-1777449622816-10x12.avif"}},"original_image":"narraci-n-d-as-de-cuentos-del-libro-al-cuento-1777449622816.webp","dominant_color":"afa7a3","sources":{"image\/avif":{"file":"narraci-n-d-as-de-cuentos-del-libro-al-cuento-1777449622816.avif","filesize":214580}}},"all_day":false,"start_date":"2026-04-30 11:00:00","start_date_details":{"year":"2026","month":"04","day":"30","hour":"11","minutes":"00","seconds":"00"},"end_date":"2026-04-30 12:00:00","end_date_details":{"year":"2026","month":"04","day":"30","hour":"12","minutes":"00","seconds":"00"},"utc_start_date":"2026-04-30 10:00:00","utc_start_date_details":{"year":"2026","month":"04","day":"30","hour":"10","minutes":"00","seconds":"00"},"utc_end_date":"2026-04-30 11:00:00","utc_end_date_details":{"year":"2026","month":"04","day":"30","hour":"11","minutes":"00","seconds":"00"},"timezone":"Europe\/London","timezone_abbr":"BST","cost":"Free","cost_details":{"currency_symbol":"","currency_code":"","currency_position":"","values":["0.00"]},"website":"https:\/\/www.instagram.com\/p\/DXebHZwiLs6\/","show_map":true,"show_map_link":true,"hide_from_listings":false,"sticky":false,"featured":false,"categories":[{"name":"Artenara","slug":"artenara","term_group":0,"term_taxonomy_id":228,"taxonomy":"tribe_events_cat","description":"","parent":50,"count":52,"filter":"raw","id":228,"urls":{"self":"https:\/\/calendarioeventos.com\/en\/wp-json\/tribe\/events\/v1\/categories\/228","collection":"https:\/\/calendarioeventos.com\/en\/wp-json\/tribe\/events\/v1\/categories","up":"https:\/\/calendarioeventos.com\/en\/wp-json\/tribe\/events\/v1\/categories\/50"}},{"name":"Cultura","slug":"cultura","term_group":0,"term_taxonomy_id":39,"taxonomy":"tribe_events_cat","description":"","parent":0,"count":1965,"filter":"raw","id":39,"urls":{"self":"https:\/\/calendarioeventos.com\/en\/wp-json\/tribe\/events\/v1\/categories\/39","collection":"https:\/\/calendarioeventos.com\/en\/wp-json\/tribe\/events\/v1\/categories"}},{"name":"Eventos gratuitos","slug":"eventos-gratuitos","term_group":0,"term_taxonomy_id":36,"taxonomy":"tribe_events_cat","description":"","parent":35,"count":3518,"filter":"raw","id":36,"urls":{"self":"https:\/\/calendarioeventos.com\/en\/wp-json\/tribe\/events\/v1\/categories\/36","collection":"https:\/\/calendarioeventos.com\/en\/wp-json\/tribe\/events\/v1\/categories","up":"https:\/\/calendarioeventos.com\/en\/wp-json\/tribe\/events\/v1\/categories\/35"}},{"name":"Infantil","slug":"infantil","term_group":0,"term_taxonomy_id":56,"taxonomy":"tribe_events_cat","description":"","parent":55,"count":888,"filter":"raw","id":56,"urls":{"self":"https:\/\/calendarioeventos.com\/en\/wp-json\/tribe\/events\/v1\/categories\/56","collection":"https:\/\/calendarioeventos.com\/en\/wp-json\/tribe\/events\/v1\/categories","up":"https:\/\/calendarioeventos.com\/en\/wp-json\/tribe\/events\/v1\/categories\/55"}},{"name":"Literatura","slug":"literatura","term_group":0,"term_taxonomy_id":105,"taxonomy":"tribe_events_cat","description":"","parent":39,"count":614,"filter":"raw","id":105,"urls":{"self":"https:\/\/calendarioeventos.com\/en\/wp-json\/tribe\/events\/v1\/categories\/105","collection":"https:\/\/calendarioeventos.com\/en\/wp-json\/tribe\/events\/v1\/categories","up":"https:\/\/calendarioeventos.com\/en\/wp-json\/tribe\/events\/v1\/categories\/39"}}],"tags":[{"name":"Artenara","slug":"artenara","term_group":0,"term_taxonomy_id":227,"taxonomy":"post_tag","description":"","parent":0,"count":50,"filter":"raw","id":227,"urls":{"self":"https:\/\/calendarioeventos.com\/en\/wp-json\/tribe\/events\/v1\/tags\/227","collection":"https:\/\/calendarioeventos.com\/en\/wp-json\/tribe\/events\/v1\/tags"}},{"name":"D\u00eda del Libro","slug":"dia-del-libro","term_group":0,"term_taxonomy_id":798,"taxonomy":"post_tag","description":"","parent":0,"count":31,"filter":"raw","id":798,"urls":{"self":"https:\/\/calendarioeventos.com\/en\/wp-json\/tribe\/events\/v1\/tags\/798","collection":"https:\/\/calendarioeventos.com\/en\/wp-json\/tribe\/events\/v1\/tags"}},{"name":"Gran Canaria","slug":"gran-canaria","term_group":0,"term_taxonomy_id":30,"taxonomy":"post_tag","description":"","parent":0,"count":5384,"filter":"raw","id":30,"urls":{"self":"https:\/\/calendarioeventos.com\/en\/wp-json\/tribe\/events\/v1\/tags\/30","collection":"https:\/\/calendarioeventos.com\/en\/wp-json\/tribe\/events\/v1\/tags"}},{"name":"Gratis","slug":"gratis","term_group":0,"term_taxonomy_id":31,"taxonomy":"post_tag","description":"","parent":0,"count":3393,"filter":"raw","id":31,"urls":{"self":"https:\/\/calendarioeventos.com\/en\/wp-json\/tribe\/events\/v1\/tags\/31","collection":"https:\/\/calendarioeventos.com\/en\/wp-json\/tribe\/events\/v1\/tags"}},{"name":"Infantil","slug":"infantil","term_group":0,"term_taxonomy_id":54,"taxonomy":"post_tag","description":"","parent":0,"count":865,"filter":"raw","id":54,"urls":{"self":"https:\/\/calendarioeventos.com\/en\/wp-json\/tribe\/events\/v1\/tags\/54","collection":"https:\/\/calendarioeventos.com\/en\/wp-json\/tribe\/events\/v1\/tags"}},{"name":"Literatura","slug":"literatura","term_group":0,"term_taxonomy_id":82,"taxonomy":"post_tag","description":"","parent":0,"count":476,"filter":"raw","id":82,"urls":{"self":"https:\/\/calendarioeventos.com\/en\/wp-json\/tribe\/events\/v1\/tags\/82","collection":"https:\/\/calendarioeventos.com\/en\/wp-json\/tribe\/events\/v1\/tags"}},{"name":"Naraci\u00f3n","slug":"naracion","term_group":0,"term_taxonomy_id":897,"taxonomy":"post_tag","description":"","parent":0,"count":1,"filter":"raw","id":897,"urls":{"self":"https:\/\/calendarioeventos.com\/en\/wp-json\/tribe\/events\/v1\/tags\/897","collection":"https:\/\/calendarioeventos.com\/en\/wp-json\/tribe\/events\/v1\/tags"}}],"venue":{"id":1549,"author":"1","status":"publish","date":"2024-05-14 00:00:00","date_utc":"2024-05-13 23:00:00","modified":"2024-05-14 00:00:00","modified_utc":"2024-05-13 23:00:00","url":"https:\/\/calendarioeventos.com\/en\/venue\/centro-cultural-de-artenara\/","venue":"Centro Cultural de Artenara","slug":"centro-cultural-de-artenara","address":"Av. Mat\u00edas Vega, 7, 35350 Artenara, Las Palmas","json_ld":{"@type":"Place","name":"Centro Cultural de Artenara","description":"","url":"https:\/\/calendarioeventos.com\/en\/venue\/centro-cultural-de-artenara\/","address":{"@type":"PostalAddress","streetAddress":"Av. Mat\u00edas Vega, 7, 35350 Artenara, Las Palmas"},"telephone":"","sameAs":""},"show_map":true,"show_map_link":true,"global_id":"calendarioeventos.com\/en?id=1549","global_id_lineage":["calendarioeventos.com\/en?id=1549"]},"organizer":[],"custom_fields":[],"json_ld":{"@context":"http:\/\/schema.org","@type":"Event","name":"Narraci\u00f3n &#8211; \u00abD\u00edas de Cuentos: Del libro al cuento\u00bb","description":"&lt;p&gt;D\u00edas de Cuentos: Del libro al cuento, narraci\u00f3n oral infantil y familiar con Juan Antonio Gonz\u00e1lez en Artenara (30\/04\/2026, 11:00). - Eventos Gran Canaria&lt;\/p&gt;\\n","image":"https:\/\/calendarioeventos.com\/wp-content\/uploads\/2026\/04\/narraci-n-d-as-de-cuentos-del-libro-al-cuento-1777449622816.avif","url":"https:\/\/calendarioeventos.com\/en\/evento\/narracion-dias-de-cuentos-del-libro-al-cuento\/","eventAttendanceMode":"https:\/\/schema.org\/OfflineEventAttendanceMode","eventStatus":"https:\/\/schema.org\/EventScheduled","startDate":"2026-04-30T11:00:00+01:00","endDate":"2026-04-30T12:00:00+01:00","location":{"@type":"Place","name":"Centro Cultural de Artenara","description":"","url":"https:\/\/calendarioeventos.com\/en\/venue\/centro-cultural-de-artenara\/","address":{"@type":"PostalAddress","streetAddress":"Av. Mat\u00edas Vega, 7, 35350 Artenara, Las Palmas"},"telephone":"","sameAs":""},"offers":{"@type":"Offer","price":"0","priceCurrency":"EUR","url":"https:\/\/calendarioeventos.com\/en\/evento\/narracion-dias-de-cuentos-del-libro-al-cuento\/","category":"primary","availability":"inStock","validFrom":"1970-01-01T00:00:00+00:00"},"performer":"Organization"},"is_virtual":false,"virtual_url":null,"virtual_video_source":""}