{"id":76791,"global_id":"calendarioeventos.com\/en?id=76791","global_id_lineage":["calendarioeventos.com\/en?id=76791"],"author":"2","status":"publish","date":"2026-04-29 10:12:54","date_utc":"2026-04-29 09:12:54","modified":"2026-04-29 10:12:55","modified_utc":"2026-04-29 09:12:55","url":"https:\/\/calendarioeventos.com\/en\/evento\/concierto-bach-eterno-2\/","rest_url":"https:\/\/calendarioeventos.com\/en\/wp-json\/tribe\/events\/v1\/events\/76791","title":"Concierto \u2014 \u00abBach Eterno\u00bb","description":"<p>Concierto \u2014 Bach Eterno en el Teatro Cruce de Culturas, Ag\u00fcimes, Gran Canaria.<\/p>\n<p>Bach Eterno llega al Cruce de Arinaga. La m\u00fasica de Johann Sebastian Bach vuelve a emocionarnos en un concierto \u00fanico.<\/p>\n<p><a href=\"https:\/\/www.tureservaonline.es\/es\/events\/bach-eterno\" target=\"_blank\" rel=\"noopener noreferrer\">Entradas en este enlace <\/a><\/p>\n<p>Orquesta Sinf\u00f3nica de Las Palmas.<br \/>Rub\u00e9n S\u00e1nchez, viol\u00edn.<br \/>Cristina Gimeno, oboe.<br \/>N\u00e9stor Henr\u00edquez, viol\u00edn.<br \/>Irene Garc\u00eda, viol\u00edn.<br \/>Texenen D\u00e9niz, flauta.<br \/>N\u00e9stor Henr\u00edquez, concertino\/director.<\/p>\n<p>S\u00e1bado 16 de mayo, 19:30 h.<\/p>\n<p>D\u00e9jate llevar por la fuerza atemporal de Bach\u2026 porque hay m\u00fasicas que no se escuchan, se viven.<\/p>","excerpt":"<p>Concierto Bach Eterno de la Orquesta Sinf\u00f3nica de Las Palmas en el Teatro Cruce de Culturas (Ag\u00fcimes), s\u00e1bado 16 de mayo de 2026 a las 19:30. &#8211; Eventos Gran Canaria<\/p>","slug":"concierto-bach-eterno-2","image":{"url":"https:\/\/calendarioeventos.com\/wp-content\/uploads\/2026\/04\/concierto-bach-eterno-1777453972090.avif","id":76790,"extension":"avif","width":1080,"height":1440,"filesize":239022,"sizes":{"medium":{"width":225,"height":300,"mime-type":"image\/avif","filesize":21278,"sources":{"image\/avif":{"file":"concierto-bach-eterno-1777453972090-225x300.avif","filesize":21278}},"url":"https:\/\/calendarioeventos.com\/wp-content\/uploads\/2026\/04\/concierto-bach-eterno-1777453972090-225x300.avif"},"large":{"width":768,"height":1024,"mime-type":"image\/avif","filesize":146383,"sources":{"image\/avif":{"file":"concierto-bach-eterno-1777453972090-768x1024.avif","filesize":146383}},"url":"https:\/\/calendarioeventos.com\/wp-content\/uploads\/2026\/04\/concierto-bach-eterno-1777453972090-768x1024.avif"},"thumbnail":{"width":150,"height":150,"mime-type":"image\/avif","filesize":9102,"sources":{"image\/avif":{"file":"concierto-bach-eterno-1777453972090-150x150.avif","filesize":9102}},"url":"https:\/\/calendarioeventos.com\/wp-content\/uploads\/2026\/04\/concierto-bach-eterno-1777453972090-150x150.avif"},"medium_large":{"width":768,"height":1024,"mime-type":"image\/avif","filesize":146383,"sources":{"image\/avif":{"file":"concierto-bach-eterno-1777453972090-768x1024.avif","filesize":146383}},"url":"https:\/\/calendarioeventos.com\/wp-content\/uploads\/2026\/04\/concierto-bach-eterno-1777453972090-768x1024.avif"},"trp-custom-language-flag":{"width":9,"height":12,"mime-type":"image\/avif","filesize":374,"url":"https:\/\/calendarioeventos.com\/wp-content\/uploads\/2026\/04\/concierto-bach-eterno-1777453972090-9x12.avif"}},"original_image":"concierto-bach-eterno-1777453972090.jpeg","dominant_color":"c3ac93","sources":{"image\/avif":{"file":"concierto-bach-eterno-1777453972090.avif","filesize":239022}}},"all_day":false,"start_date":"2026-05-16 19:30:00","start_date_details":{"year":"2026","month":"05","day":"16","hour":"19","minutes":"30","seconds":"00"},"end_date":"2026-05-16 21:00:00","end_date_details":{"year":"2026","month":"05","day":"16","hour":"21","minutes":"00","seconds":"00"},"utc_start_date":"2026-05-16 18:30:00","utc_start_date_details":{"year":"2026","month":"05","day":"16","hour":"18","minutes":"30","seconds":"00"},"utc_end_date":"2026-05-16 20:00:00","utc_end_date_details":{"year":"2026","month":"05","day":"16","hour":"20","minutes":"00","seconds":"00"},"timezone":"Europe\/London","timezone_abbr":"BST","cost":"5\u20ac","cost_details":{"currency_symbol":"","currency_code":"","currency_position":"","values":["5"]},"website":"https:\/\/www.tureservaonline.es\/es\/events\/bach-eterno","show_map":true,"show_map_link":true,"hide_from_listings":false,"sticky":false,"featured":false,"categories":[{"name":"Ag\u00fcimes","slug":"aguimes","term_group":0,"term_taxonomy_id":130,"taxonomy":"tribe_events_cat","description":"","parent":50,"count":161,"filter":"raw","id":130,"urls":{"self":"https:\/\/calendarioeventos.com\/en\/wp-json\/tribe\/events\/v1\/categories\/130","collection":"https:\/\/calendarioeventos.com\/en\/wp-json\/tribe\/events\/v1\/categories","up":"https:\/\/calendarioeventos.com\/en\/wp-json\/tribe\/events\/v1\/categories\/50"}},{"name":"Cl\u00e1sica","slug":"clasica","term_group":0,"term_taxonomy_id":78,"taxonomy":"tribe_events_cat","description":"","parent":40,"count":14,"filter":"raw","id":78,"urls":{"self":"https:\/\/calendarioeventos.com\/en\/wp-json\/tribe\/events\/v1\/categories\/78","collection":"https:\/\/calendarioeventos.com\/en\/wp-json\/tribe\/events\/v1\/categories","up":"https:\/\/calendarioeventos.com\/en\/wp-json\/tribe\/events\/v1\/categories\/40"}},{"name":"Concierto","slug":"concierto","term_group":0,"term_taxonomy_id":53,"taxonomy":"tribe_events_cat","description":"","parent":40,"count":990,"filter":"raw","id":53,"urls":{"self":"https:\/\/calendarioeventos.com\/en\/wp-json\/tribe\/events\/v1\/categories\/53","collection":"https:\/\/calendarioeventos.com\/en\/wp-json\/tribe\/events\/v1\/categories","up":"https:\/\/calendarioeventos.com\/en\/wp-json\/tribe\/events\/v1\/categories\/40"}},{"name":"Cultura","slug":"cultura","term_group":0,"term_taxonomy_id":39,"taxonomy":"tribe_events_cat","description":"","parent":0,"count":1968,"filter":"raw","id":39,"urls":{"self":"https:\/\/calendarioeventos.com\/en\/wp-json\/tribe\/events\/v1\/categories\/39","collection":"https:\/\/calendarioeventos.com\/en\/wp-json\/tribe\/events\/v1\/categories"}},{"name":"M\u00fasica","slug":"musica","term_group":0,"term_taxonomy_id":40,"taxonomy":"tribe_events_cat","description":"","parent":39,"count":2079,"filter":"raw","id":40,"urls":{"self":"https:\/\/calendarioeventos.com\/en\/wp-json\/tribe\/events\/v1\/categories\/40","collection":"https:\/\/calendarioeventos.com\/en\/wp-json\/tribe\/events\/v1\/categories","up":"https:\/\/calendarioeventos.com\/en\/wp-json\/tribe\/events\/v1\/categories\/39"}}],"tags":[{"name":"Ag\u00fcimes","slug":"aguimes","term_group":0,"term_taxonomy_id":129,"taxonomy":"post_tag","description":"","parent":0,"count":158,"filter":"raw","id":129,"urls":{"self":"https:\/\/calendarioeventos.com\/en\/wp-json\/tribe\/events\/v1\/tags\/129","collection":"https:\/\/calendarioeventos.com\/en\/wp-json\/tribe\/events\/v1\/tags"}},{"name":"Cl\u00e1sica","slug":"clasica","term_group":0,"term_taxonomy_id":77,"taxonomy":"post_tag","description":"","parent":0,"count":17,"filter":"raw","id":77,"urls":{"self":"https:\/\/calendarioeventos.com\/en\/wp-json\/tribe\/events\/v1\/tags\/77","collection":"https:\/\/calendarioeventos.com\/en\/wp-json\/tribe\/events\/v1\/tags"}},{"name":"Concierto","slug":"concierto","term_group":0,"term_taxonomy_id":52,"taxonomy":"post_tag","description":"","parent":0,"count":965,"filter":"raw","id":52,"urls":{"self":"https:\/\/calendarioeventos.com\/en\/wp-json\/tribe\/events\/v1\/tags\/52","collection":"https:\/\/calendarioeventos.com\/en\/wp-json\/tribe\/events\/v1\/tags"}},{"name":"Gran Canaria","slug":"gran-canaria","term_group":0,"term_taxonomy_id":30,"taxonomy":"post_tag","description":"","parent":0,"count":5399,"filter":"raw","id":30,"urls":{"self":"https:\/\/calendarioeventos.com\/en\/wp-json\/tribe\/events\/v1\/tags\/30","collection":"https:\/\/calendarioeventos.com\/en\/wp-json\/tribe\/events\/v1\/tags"}},{"name":"M\u00fasica","slug":"musica","term_group":0,"term_taxonomy_id":33,"taxonomy":"post_tag","description":"","parent":0,"count":2251,"filter":"raw","id":33,"urls":{"self":"https:\/\/calendarioeventos.com\/en\/wp-json\/tribe\/events\/v1\/tags\/33","collection":"https:\/\/calendarioeventos.com\/en\/wp-json\/tribe\/events\/v1\/tags"}}],"venue":{"id":1472,"author":"1","status":"publish","date":"2024-04-09 00:00:00","date_utc":"2024-04-08 23:00:00","modified":"2024-04-09 00:00:00","modified_utc":"2024-04-08 23:00:00","url":"https:\/\/calendarioeventos.com\/en\/venue\/teatro-cruce-de-culturas\/","venue":"Teatro Cruce de Culturas","slug":"teatro-cruce-de-culturas","address":"C. Beleten, 15, 35118 Cruce de Arinaga, Las Palmas","json_ld":{"@type":"Place","name":"Teatro Cruce de Culturas","description":"","url":"https:\/\/calendarioeventos.com\/en\/venue\/teatro-cruce-de-culturas\/","address":{"@type":"PostalAddress","streetAddress":"C. Beleten, 15, 35118 Cruce de Arinaga, Las Palmas"},"telephone":"","sameAs":""},"show_map":true,"show_map_link":true,"global_id":"calendarioeventos.com\/en?id=1472","global_id_lineage":["calendarioeventos.com\/en?id=1472"]},"organizer":[],"custom_fields":[],"json_ld":{"@context":"http:\/\/schema.org","@type":"Event","name":"Concierto \u2014 \u00abBach Eterno\u00bb","description":"&lt;p&gt;Concierto Bach Eterno de la Orquesta Sinf\u00f3nica de Las Palmas en el Teatro Cruce de Culturas (Ag\u00fcimes), s\u00e1bado 16 de mayo de 2026 a las 19:30. - Eventos Gran Canaria&lt;\/p&gt;\\n","image":"https:\/\/calendarioeventos.com\/wp-content\/uploads\/2026\/04\/concierto-bach-eterno-1777453972090.avif","url":"https:\/\/calendarioeventos.com\/en\/evento\/concierto-bach-eterno-2\/","eventAttendanceMode":"https:\/\/schema.org\/OfflineEventAttendanceMode","eventStatus":"https:\/\/schema.org\/EventScheduled","startDate":"2026-05-16T19:30:00+01:00","endDate":"2026-05-16T21:00:00+01:00","location":{"@type":"Place","name":"Teatro Cruce de Culturas","description":"","url":"https:\/\/calendarioeventos.com\/en\/venue\/teatro-cruce-de-culturas\/","address":{"@type":"PostalAddress","streetAddress":"C. Beleten, 15, 35118 Cruce de Arinaga, Las Palmas"},"telephone":"","sameAs":""},"offers":{"@type":"Offer","price":"5","priceCurrency":"EUR","url":"https:\/\/calendarioeventos.com\/en\/evento\/concierto-bach-eterno-2\/","category":"primary","availability":"inStock","validFrom":"1970-01-01T00:00:00+00:00"},"performer":"Organization"},"is_virtual":false,"virtual_url":null,"virtual_video_source":""}