{"id":76831,"global_id":"calendarioeventos.com\/en?id=76831","global_id_lineage":["calendarioeventos.com\/en?id=76831"],"author":"2","status":"publish","date":"2026-04-29 10:55:45","date_utc":"2026-04-29 09:55:45","modified":"2026-04-29 10:55:46","modified_utc":"2026-04-29 09:55:46","url":"https:\/\/calendarioeventos.com\/en\/evento\/taller-sinergia-sensibilizacion-en-salud-mental\/","rest_url":"https:\/\/calendarioeventos.com\/en\/wp-json\/tribe\/events\/v1\/events\/76831","title":"Taller \u2014 \u00abSinergia: sensibilizaci\u00f3n en salud mental\u00bb","description":"<p>Taller \u2014 Sinergia: sensibilizaci\u00f3n en salud mental en La Grada, Las Palmas de Gran Canaria.<\/p>\n<p>Sensibilizaci\u00f3n en salud mental.<\/p>\n<p>17:00\u201318:30 h.<\/p>\n<p>La Grada (Espacio Joven Creativo).<\/p>\n<p>Formaci\u00f3n dirigida a familias.<\/p>\n<p>M\u00e1s informaci\u00f3n e inscripciones.<\/p>\n<p>Hablemos de salud mental\u2026 de verdad. Acompa\u00f1ar a la juventud tambi\u00e9n es aprender, escuchar y entender lo que pasa por dentro. Y para eso, llegan estos dos talleres que no te puedes perder. Dos espacios diferentes, pero con un mismo objetivo: cuidar, comprender y crecer. 7 de mayo \u2013 Formaci\u00f3n para familias y profesionales. Romper mitos, compartir experiencias y llevarte herramientas reales para el d\u00eda a d\u00eda. Las plazas son limitadas.<\/p>\n<p><a href=\"http:\/\/actividadesjuventud.laspalmasgc.es\/\" target=\"_blank\" rel=\"noopener noreferrer\">Inscripci\u00f3n en este enlace <\/a><\/p>","excerpt":"<p>Taller Sinergia de sensibilizaci\u00f3n en salud mental en La Grada (Las Palmas de Gran Canaria), el 7 de mayo de 2026. Actividad gratuita. &#8211; Eventos Gran Canaria<\/p>","slug":"taller-sinergia-sensibilizacion-en-salud-mental","image":{"url":"https:\/\/calendarioeventos.com\/wp-content\/uploads\/2026\/04\/taller-sinergia-sensibilizaci-n-en-salud-menta-1777456543681.avif","id":76830,"extension":"avif","width":1080,"height":1350,"filesize":111501,"sizes":{"medium":{"width":240,"height":300,"mime-type":"image\/avif","filesize":11918,"sources":{"image\/avif":{"file":"taller-sinergia-sensibilizaci-n-en-salud-menta-1777456543681-240x300.avif","filesize":11918}},"url":"https:\/\/calendarioeventos.com\/wp-content\/uploads\/2026\/04\/taller-sinergia-sensibilizaci-n-en-salud-menta-1777456543681-240x300.avif"},"large":{"width":819,"height":1024,"mime-type":"image\/avif","filesize":63014,"sources":{"image\/avif":{"file":"taller-sinergia-sensibilizaci-n-en-salud-menta-1777456543681-819x1024.avif","filesize":63014}},"url":"https:\/\/calendarioeventos.com\/wp-content\/uploads\/2026\/04\/taller-sinergia-sensibilizaci-n-en-salud-menta-1777456543681-819x1024.avif"},"thumbnail":{"width":150,"height":150,"mime-type":"image\/avif","filesize":5451,"sources":{"image\/avif":{"file":"taller-sinergia-sensibilizaci-n-en-salud-menta-1777456543681-150x150.avif","filesize":5451}},"url":"https:\/\/calendarioeventos.com\/wp-content\/uploads\/2026\/04\/taller-sinergia-sensibilizaci-n-en-salud-menta-1777456543681-150x150.avif"},"medium_large":{"width":768,"height":960,"mime-type":"image\/avif","filesize":57979,"sources":{"image\/avif":{"file":"taller-sinergia-sensibilizaci-n-en-salud-menta-1777456543681-768x960.avif","filesize":57979}},"url":"https:\/\/calendarioeventos.com\/wp-content\/uploads\/2026\/04\/taller-sinergia-sensibilizaci-n-en-salud-menta-1777456543681-768x960.avif"},"trp-custom-language-flag":{"width":10,"height":12,"mime-type":"image\/avif","filesize":406,"url":"https:\/\/calendarioeventos.com\/wp-content\/uploads\/2026\/04\/taller-sinergia-sensibilizaci-n-en-salud-menta-1777456543681-10x12.avif"}},"original_image":"taller-sinergia-sensibilizaci-n-en-salud-menta-1777456543681.jpeg","dominant_color":"736e6f","sources":{"image\/avif":{"file":"taller-sinergia-sensibilizaci-n-en-salud-menta-1777456543681.avif","filesize":111501}}},"all_day":false,"start_date":"2026-05-07 17:00:00","start_date_details":{"year":"2026","month":"05","day":"07","hour":"17","minutes":"00","seconds":"00"},"end_date":"2026-05-07 18:30:00","end_date_details":{"year":"2026","month":"05","day":"07","hour":"18","minutes":"30","seconds":"00"},"utc_start_date":"2026-05-07 16:00:00","utc_start_date_details":{"year":"2026","month":"05","day":"07","hour":"16","minutes":"00","seconds":"00"},"utc_end_date":"2026-05-07 17:30:00","utc_end_date_details":{"year":"2026","month":"05","day":"07","hour":"17","minutes":"30","seconds":"00"},"timezone":"Europe\/London","timezone_abbr":"BST","cost":"Free","cost_details":{"currency_symbol":"","currency_code":"","currency_position":"","values":["0.00"]},"website":"https:\/\/www.instagram.com\/p\/DXqsLZTDIpN\/?utm_source=ig_embed","show_map":true,"show_map_link":true,"hide_from_listings":false,"sticky":false,"featured":false,"categories":[{"name":"Actividades","slug":"actividades","term_group":0,"term_taxonomy_id":37,"taxonomy":"tribe_events_cat","description":"","parent":0,"count":2541,"filter":"raw","id":37,"urls":{"self":"https:\/\/calendarioeventos.com\/en\/wp-json\/tribe\/events\/v1\/categories\/37","collection":"https:\/\/calendarioeventos.com\/en\/wp-json\/tribe\/events\/v1\/categories"}},{"name":"Eventos gratuitos","slug":"eventos-gratuitos","term_group":0,"term_taxonomy_id":36,"taxonomy":"tribe_events_cat","description":"","parent":35,"count":3518,"filter":"raw","id":36,"urls":{"self":"https:\/\/calendarioeventos.com\/en\/wp-json\/tribe\/events\/v1\/categories\/36","collection":"https:\/\/calendarioeventos.com\/en\/wp-json\/tribe\/events\/v1\/categories","up":"https:\/\/calendarioeventos.com\/en\/wp-json\/tribe\/events\/v1\/categories\/35"}},{"name":"Las Palmas de GC","slug":"las-palmas-de-gc","term_group":0,"term_taxonomy_id":51,"taxonomy":"tribe_events_cat","description":"","parent":50,"count":2687,"filter":"raw","id":51,"urls":{"self":"https:\/\/calendarioeventos.com\/en\/wp-json\/tribe\/events\/v1\/categories\/51","collection":"https:\/\/calendarioeventos.com\/en\/wp-json\/tribe\/events\/v1\/categories","up":"https:\/\/calendarioeventos.com\/en\/wp-json\/tribe\/events\/v1\/categories\/50"}},{"name":"Taller","slug":"taller","term_group":0,"term_taxonomy_id":44,"taxonomy":"tribe_events_cat","description":"","parent":37,"count":967,"filter":"raw","id":44,"urls":{"self":"https:\/\/calendarioeventos.com\/en\/wp-json\/tribe\/events\/v1\/categories\/44","collection":"https:\/\/calendarioeventos.com\/en\/wp-json\/tribe\/events\/v1\/categories","up":"https:\/\/calendarioeventos.com\/en\/wp-json\/tribe\/events\/v1\/categories\/37"}}],"tags":[{"name":"Gran Canaria","slug":"gran-canaria","term_group":0,"term_taxonomy_id":30,"taxonomy":"post_tag","description":"","parent":0,"count":5385,"filter":"raw","id":30,"urls":{"self":"https:\/\/calendarioeventos.com\/en\/wp-json\/tribe\/events\/v1\/tags\/30","collection":"https:\/\/calendarioeventos.com\/en\/wp-json\/tribe\/events\/v1\/tags"}},{"name":"Gratis","slug":"gratis","term_group":0,"term_taxonomy_id":31,"taxonomy":"post_tag","description":"","parent":0,"count":3393,"filter":"raw","id":31,"urls":{"self":"https:\/\/calendarioeventos.com\/en\/wp-json\/tribe\/events\/v1\/tags\/31","collection":"https:\/\/calendarioeventos.com\/en\/wp-json\/tribe\/events\/v1\/tags"}},{"name":"Las Palmas","slug":"las-palmas","term_group":0,"term_taxonomy_id":32,"taxonomy":"post_tag","description":"","parent":0,"count":2633,"filter":"raw","id":32,"urls":{"self":"https:\/\/calendarioeventos.com\/en\/wp-json\/tribe\/events\/v1\/tags\/32","collection":"https:\/\/calendarioeventos.com\/en\/wp-json\/tribe\/events\/v1\/tags"}},{"name":"Salud Mental","slug":"salud-mental","term_group":0,"term_taxonomy_id":718,"taxonomy":"post_tag","description":"","parent":0,"count":2,"filter":"raw","id":718,"urls":{"self":"https:\/\/calendarioeventos.com\/en\/wp-json\/tribe\/events\/v1\/tags\/718","collection":"https:\/\/calendarioeventos.com\/en\/wp-json\/tribe\/events\/v1\/tags"}},{"name":"Taller","slug":"taller","term_group":0,"term_taxonomy_id":34,"taxonomy":"post_tag","description":"","parent":0,"count":946,"filter":"raw","id":34,"urls":{"self":"https:\/\/calendarioeventos.com\/en\/wp-json\/tribe\/events\/v1\/tags\/34","collection":"https:\/\/calendarioeventos.com\/en\/wp-json\/tribe\/events\/v1\/tags"}}],"venue":{"id":1634,"author":"1","status":"publish","date":"2024-06-12 00:00:00","date_utc":"2024-06-11 23:00:00","modified":"2024-06-12 00:00:00","modified_utc":"2024-06-11 23:00:00","url":"https:\/\/calendarioeventos.com\/en\/venue\/la-grada-espacio-creativo-joven\/","venue":"La Grada. Espacio creativo joven","slug":"la-grada-espacio-creativo-joven","address":"C. Manuel Gonz\u00e1lez Mart\u00edn, 27, 35006 Las Palmas de Gran Canaria, Las Palmas","json_ld":{"@type":"Place","name":"La Grada. Espacio creativo joven","description":"","url":"https:\/\/calendarioeventos.com\/en\/venue\/la-grada-espacio-creativo-joven\/","address":{"@type":"PostalAddress","streetAddress":"C. Manuel Gonz\u00e1lez Mart\u00edn, 27, 35006 Las Palmas de Gran Canaria, Las Palmas"},"telephone":"","sameAs":""},"show_map":true,"show_map_link":true,"global_id":"calendarioeventos.com\/en?id=1634","global_id_lineage":["calendarioeventos.com\/en?id=1634"]},"organizer":[],"custom_fields":[],"json_ld":{"@context":"http:\/\/schema.org","@type":"Event","name":"Taller \u2014 \u00abSinergia: sensibilizaci\u00f3n en salud mental\u00bb","description":"&lt;p&gt;Taller Sinergia de sensibilizaci\u00f3n en salud mental en La Grada (Las Palmas de Gran Canaria), el 7 de mayo de 2026. Actividad gratuita. - Eventos Gran Canaria&lt;\/p&gt;\\n","image":"https:\/\/calendarioeventos.com\/wp-content\/uploads\/2026\/04\/taller-sinergia-sensibilizaci-n-en-salud-menta-1777456543681.avif","url":"https:\/\/calendarioeventos.com\/en\/evento\/taller-sinergia-sensibilizacion-en-salud-mental\/","eventAttendanceMode":"https:\/\/schema.org\/OfflineEventAttendanceMode","eventStatus":"https:\/\/schema.org\/EventScheduled","startDate":"2026-05-07T17:00:00+01:00","endDate":"2026-05-07T18:30:00+01:00","location":{"@type":"Place","name":"La Grada. Espacio creativo joven","description":"","url":"https:\/\/calendarioeventos.com\/en\/venue\/la-grada-espacio-creativo-joven\/","address":{"@type":"PostalAddress","streetAddress":"C. Manuel Gonz\u00e1lez Mart\u00edn, 27, 35006 Las Palmas de Gran Canaria, Las Palmas"},"telephone":"","sameAs":""},"offers":{"@type":"Offer","price":"0","priceCurrency":"EUR","url":"https:\/\/calendarioeventos.com\/en\/evento\/taller-sinergia-sensibilizacion-en-salud-mental\/","category":"primary","availability":"inStock","validFrom":"1970-01-01T00:00:00+00:00"},"performer":"Organization"},"is_virtual":false,"virtual_url":null,"virtual_video_source":""}