{"id":77017,"global_id":"calendarioeventos.com\/en?id=77017","global_id_lineage":["calendarioeventos.com\/en?id=77017"],"author":"2","status":"publish","date":"2026-04-29 18:56:02","date_utc":"2026-04-29 17:56:02","modified":"2026-04-29 18:56:03","modified_utc":"2026-04-29 17:56:03","url":"https:\/\/calendarioeventos.com\/en\/evento\/taller-curso-del-regimen-economico-y-fiscal-ref-para-el-sector-artesano\/","rest_url":"https:\/\/calendarioeventos.com\/en\/wp-json\/tribe\/events\/v1\/events\/77017","title":"Taller \u2014 \u00abCurso del R\u00e9gimen Econ\u00f3mico y Fiscal (REF) para el sector artesano\u00bb","description":"<p>Taller \u2014 Curso del R\u00e9gimen Econ\u00f3mico y Fiscal (REF) para el sector artesano en Infecar, Las Palmas de Gran Canaria.<\/p>\n<p>Formaci\u00f3n gratuita. Si tienes un taller artesano o desarrollas tu actividad dentro del R\u00e9gimen Especial del Peque\u00f1o Empresario del IGIC, esta formaci\u00f3n te ayudar\u00e1 a entender c\u00f3mo aplicar el REF en tu d\u00eda a d\u00eda, el pr\u00f3ximo 7 de mayo de 17:30 a 19:30 horas en Infecar.<\/p>\n<p>Se abordar\u00e1n de forma pr\u00e1ctica y en lenguaje claro los aspectos que m\u00e1s afectan al sector:<br \/>&#8211; R\u00e9gimen Especial del Peque\u00f1o Empresario (IGIC).<br \/>&#8211; R\u00e9gimen Aduanero aplicado a la importaci\u00f3n de materias primas.<\/p>\n<p>Imparte: Jorge Guerrero, economista y experto fiscal y contable, profesor de la Universidad de Las Palmas de Gran Canaria y de Formaci\u00f3n Profesional del Gobierno de Canarias.<\/p>\n<p>Inscripci\u00f3n: env\u00edo de email con nombre, apellidos, DNI y oficio artesano a <a href=\"mailto:fedac@fedac.org\" target=\"_blank\" rel=\"noopener noreferrer\">fedac@fedac.org<\/a><\/p>","excerpt":"<p>Formaci\u00f3n gratuita sobre el REF para el sector artesano el 7 de mayo en Infecar (Las Palmas de Gran Canaria), de 17:30 a 19:30. &#8211; Eventos Gran Canaria<\/p>","slug":"taller-curso-del-regimen-economico-y-fiscal-ref-para-el-sector-artesano","image":{"url":"https:\/\/calendarioeventos.com\/wp-content\/uploads\/2026\/04\/Fedac-FB-cEFAB6.avif","id":77016,"extension":"avif","width":1080,"height":1080,"filesize":139712,"sizes":{"medium":{"width":300,"height":300,"mime-type":"image\/avif","filesize":22299,"sources":{"image\/avif":{"file":"Fedac-FB-cEFAB6-300x300.avif","filesize":22299}},"url":"https:\/\/calendarioeventos.com\/wp-content\/uploads\/2026\/04\/Fedac-FB-cEFAB6-300x300.avif"},"large":{"width":1024,"height":1024,"mime-type":"image\/avif","filesize":116131,"sources":{"image\/avif":{"file":"Fedac-FB-cEFAB6-1024x1024.avif","filesize":116131}},"url":"https:\/\/calendarioeventos.com\/wp-content\/uploads\/2026\/04\/Fedac-FB-cEFAB6-1024x1024.avif"},"thumbnail":{"width":150,"height":150,"mime-type":"image\/avif","filesize":10373,"sources":{"image\/avif":{"file":"Fedac-FB-cEFAB6-150x150.avif","filesize":10373}},"url":"https:\/\/calendarioeventos.com\/wp-content\/uploads\/2026\/04\/Fedac-FB-cEFAB6-150x150.avif"},"medium_large":{"width":768,"height":768,"mime-type":"image\/avif","filesize":82086,"sources":{"image\/avif":{"file":"Fedac-FB-cEFAB6-768x768.avif","filesize":82086}},"url":"https:\/\/calendarioeventos.com\/wp-content\/uploads\/2026\/04\/Fedac-FB-cEFAB6-768x768.avif"},"trp-custom-language-flag":{"width":12,"height":12,"mime-type":"image\/avif","filesize":4701,"url":"https:\/\/calendarioeventos.com\/wp-content\/uploads\/2026\/04\/Fedac-FB-cEFAB6-12x12.avif"}},"original_image":"Fedac-FB-cEFAB6.jpg","dominant_color":"694332","sources":{"image\/avif":{"file":"Fedac-FB-cEFAB6.avif","filesize":139712}}},"all_day":false,"start_date":"2026-05-07 17:30:00","start_date_details":{"year":"2026","month":"05","day":"07","hour":"17","minutes":"30","seconds":"00"},"end_date":"2026-05-07 19:30:00","end_date_details":{"year":"2026","month":"05","day":"07","hour":"19","minutes":"30","seconds":"00"},"utc_start_date":"2026-05-07 16:30:00","utc_start_date_details":{"year":"2026","month":"05","day":"07","hour":"16","minutes":"30","seconds":"00"},"utc_end_date":"2026-05-07 18:30:00","utc_end_date_details":{"year":"2026","month":"05","day":"07","hour":"18","minutes":"30","seconds":"00"},"timezone":"Europe\/London","timezone_abbr":"BST","cost":"Free","cost_details":{"currency_symbol":"","currency_code":"","currency_position":"","values":["0.00"]},"website":"https:\/\/infecar.es\/ferias-y-eventos\/curso-del-regimen-economico-y-fiscal-ref-para-el-sector-artesano\/","show_map":true,"show_map_link":true,"hide_from_listings":false,"sticky":false,"featured":false,"categories":[{"name":"Actividades","slug":"actividades","term_group":0,"term_taxonomy_id":37,"taxonomy":"tribe_events_cat","description":"","parent":0,"count":2549,"filter":"raw","id":37,"urls":{"self":"https:\/\/calendarioeventos.com\/en\/wp-json\/tribe\/events\/v1\/categories\/37","collection":"https:\/\/calendarioeventos.com\/en\/wp-json\/tribe\/events\/v1\/categories"}},{"name":"Arte","slug":"arte","term_group":0,"term_taxonomy_id":41,"taxonomy":"tribe_events_cat","description":"","parent":39,"count":448,"filter":"raw","id":41,"urls":{"self":"https:\/\/calendarioeventos.com\/en\/wp-json\/tribe\/events\/v1\/categories\/41","collection":"https:\/\/calendarioeventos.com\/en\/wp-json\/tribe\/events\/v1\/categories","up":"https:\/\/calendarioeventos.com\/en\/wp-json\/tribe\/events\/v1\/categories\/39"}},{"name":"Eventos gratuitos","slug":"eventos-gratuitos","term_group":0,"term_taxonomy_id":36,"taxonomy":"tribe_events_cat","description":"","parent":35,"count":3528,"filter":"raw","id":36,"urls":{"self":"https:\/\/calendarioeventos.com\/en\/wp-json\/tribe\/events\/v1\/categories\/36","collection":"https:\/\/calendarioeventos.com\/en\/wp-json\/tribe\/events\/v1\/categories","up":"https:\/\/calendarioeventos.com\/en\/wp-json\/tribe\/events\/v1\/categories\/35"}},{"name":"Las Palmas de GC","slug":"las-palmas-de-gc","term_group":0,"term_taxonomy_id":51,"taxonomy":"tribe_events_cat","description":"","parent":50,"count":2697,"filter":"raw","id":51,"urls":{"self":"https:\/\/calendarioeventos.com\/en\/wp-json\/tribe\/events\/v1\/categories\/51","collection":"https:\/\/calendarioeventos.com\/en\/wp-json\/tribe\/events\/v1\/categories","up":"https:\/\/calendarioeventos.com\/en\/wp-json\/tribe\/events\/v1\/categories\/50"}},{"name":"Taller","slug":"taller","term_group":0,"term_taxonomy_id":44,"taxonomy":"tribe_events_cat","description":"","parent":37,"count":971,"filter":"raw","id":44,"urls":{"self":"https:\/\/calendarioeventos.com\/en\/wp-json\/tribe\/events\/v1\/categories\/44","collection":"https:\/\/calendarioeventos.com\/en\/wp-json\/tribe\/events\/v1\/categories","up":"https:\/\/calendarioeventos.com\/en\/wp-json\/tribe\/events\/v1\/categories\/37"}}],"tags":[{"name":"Artesan\u00eda","slug":"artesania","term_group":0,"term_taxonomy_id":27,"taxonomy":"post_tag","description":"","parent":0,"count":60,"filter":"raw","id":27,"urls":{"self":"https:\/\/calendarioeventos.com\/en\/wp-json\/tribe\/events\/v1\/tags\/27","collection":"https:\/\/calendarioeventos.com\/en\/wp-json\/tribe\/events\/v1\/tags"}},{"name":"Gran Canaria","slug":"gran-canaria","term_group":0,"term_taxonomy_id":30,"taxonomy":"post_tag","description":"","parent":0,"count":5395,"filter":"raw","id":30,"urls":{"self":"https:\/\/calendarioeventos.com\/en\/wp-json\/tribe\/events\/v1\/tags\/30","collection":"https:\/\/calendarioeventos.com\/en\/wp-json\/tribe\/events\/v1\/tags"}},{"name":"Gratis","slug":"gratis","term_group":0,"term_taxonomy_id":31,"taxonomy":"post_tag","description":"","parent":0,"count":3402,"filter":"raw","id":31,"urls":{"self":"https:\/\/calendarioeventos.com\/en\/wp-json\/tribe\/events\/v1\/tags\/31","collection":"https:\/\/calendarioeventos.com\/en\/wp-json\/tribe\/events\/v1\/tags"}},{"name":"Infecar","slug":"infecar","term_group":0,"term_taxonomy_id":914,"taxonomy":"post_tag","description":"","parent":0,"count":1,"filter":"raw","id":914,"urls":{"self":"https:\/\/calendarioeventos.com\/en\/wp-json\/tribe\/events\/v1\/tags\/914","collection":"https:\/\/calendarioeventos.com\/en\/wp-json\/tribe\/events\/v1\/tags"}},{"name":"Las Palmas","slug":"las-palmas","term_group":0,"term_taxonomy_id":32,"taxonomy":"post_tag","description":"","parent":0,"count":2639,"filter":"raw","id":32,"urls":{"self":"https:\/\/calendarioeventos.com\/en\/wp-json\/tribe\/events\/v1\/tags\/32","collection":"https:\/\/calendarioeventos.com\/en\/wp-json\/tribe\/events\/v1\/tags"}},{"name":"Taller","slug":"taller","term_group":0,"term_taxonomy_id":34,"taxonomy":"post_tag","description":"","parent":0,"count":950,"filter":"raw","id":34,"urls":{"self":"https:\/\/calendarioeventos.com\/en\/wp-json\/tribe\/events\/v1\/tags\/34","collection":"https:\/\/calendarioeventos.com\/en\/wp-json\/tribe\/events\/v1\/tags"}}],"venue":{"id":1314,"author":"1","status":"publish","date":"2023-12-27 00:00:00","date_utc":"2023-12-27 00:00:00","modified":"2023-12-27 00:00:00","modified_utc":"2023-12-27 00:00:00","url":"https:\/\/calendarioeventos.com\/en\/venue\/infecar\/","venue":"Infecar","slug":"infecar","address":"Av. de la Feria, 1, 35012 Las Palmas de Gran Canaria, Las Palmas","json_ld":{"@type":"Place","name":"Infecar","description":"","url":"https:\/\/calendarioeventos.com\/en\/venue\/infecar\/","address":{"@type":"PostalAddress","streetAddress":"Av. de la Feria, 1, 35012 Las Palmas de Gran Canaria, Las Palmas"},"telephone":"","sameAs":""},"show_map":true,"show_map_link":true,"global_id":"calendarioeventos.com\/en?id=1314","global_id_lineage":["calendarioeventos.com\/en?id=1314"]},"organizer":[],"custom_fields":[],"json_ld":{"@context":"http:\/\/schema.org","@type":"Event","name":"Taller \u2014 \u00abCurso del R\u00e9gimen Econ\u00f3mico y Fiscal (REF) para el sector artesano\u00bb","description":"&lt;p&gt;Formaci\u00f3n gratuita sobre el REF para el sector artesano el 7 de mayo en Infecar (Las Palmas de Gran Canaria), de 17:30 a 19:30. - Eventos Gran Canaria&lt;\/p&gt;\\n","image":"https:\/\/calendarioeventos.com\/wp-content\/uploads\/2026\/04\/Fedac-FB-cEFAB6.avif","url":"https:\/\/calendarioeventos.com\/en\/evento\/taller-curso-del-regimen-economico-y-fiscal-ref-para-el-sector-artesano\/","eventAttendanceMode":"https:\/\/schema.org\/OfflineEventAttendanceMode","eventStatus":"https:\/\/schema.org\/EventScheduled","startDate":"2026-05-07T17:30:00+01:00","endDate":"2026-05-07T19:30:00+01:00","location":{"@type":"Place","name":"Infecar","description":"","url":"https:\/\/calendarioeventos.com\/en\/venue\/infecar\/","address":{"@type":"PostalAddress","streetAddress":"Av. de la Feria, 1, 35012 Las Palmas de Gran Canaria, Las Palmas"},"telephone":"","sameAs":""},"offers":{"@type":"Offer","price":"0","priceCurrency":"EUR","url":"https:\/\/calendarioeventos.com\/en\/evento\/taller-curso-del-regimen-economico-y-fiscal-ref-para-el-sector-artesano\/","category":"primary","availability":"inStock","validFrom":"1970-01-01T00:00:00+00:00"},"performer":"Organization"},"is_virtual":false,"virtual_url":null,"virtual_video_source":""}