{"id":77188,"global_id":"calendarioeventos.com\/en?id=77188","global_id_lineage":["calendarioeventos.com\/en?id=77188"],"author":"2","status":"publish","date":"2026-04-29 21:48:35","date_utc":"2026-04-29 20:48:35","modified":"2026-04-29 21:48:36","modified_utc":"2026-04-29 20:48:36","url":"https:\/\/calendarioeventos.com\/en\/evento\/fiestas-san-pedro-martir-el-doctoral\/","rest_url":"https:\/\/calendarioeventos.com\/en\/wp-json\/tribe\/events\/v1\/events\/77188","title":"Fiestas &#8211; San Pedro M\u00e1rtir &#8211; El Doctoral","description":"<p>Programa de las Fiestas de San Pedro M\u00e1rtir en el Doctoral, Santa Luc\u00eda de Tirajana, Gran Canaria, el 30 de abril:<\/p>\n<p>D\u00cdA DE LA TRADICI\u00d3N Y LA CULTURA<\/p>\n<p>10:00 A 13:00 Y 18:00 A 21:00 Feria y Muestra de Artesan\u00eda.<\/p>\n<p>10:00 1\u00ba Romer\u00eda Infantil (salida desde la Plaza de San Pedro M\u00e1rtir). Actuaci\u00f3n de la A.F. La Descamis\u00e1.<\/p>\n<p>11:30 Homenaje a los centros educativos del barrio (CEIP La Cerruda, CEIP Ansite e IES EI Doctoral).<\/p>\n<p>18:00 Jornadas de la tradici\u00f3n y la cultura con el grupo de m\u00fasica popular de los Centros de Mayores del municipio.<\/p>\n<p>19:00 Elecci\u00f3n del Aparcero y Aparcera Mayor 2026.<\/p>\n<p>Inscripciones en <a href=\"mailto:doctoralsanpedro@gmail.com\" target=\"_blank\" rel=\"noopener noreferrer\">doctoralsanpedro@gmail.com<\/a><\/p>\n<p>20:30 Encuentro de parrandas: Parranda El Paradero y Parranda El Pajullo.<\/p>","excerpt":"<p>D\u00eda de la Tradici\u00f3n y la Cultura en El Doctoral (Santa Luc\u00eda de Tirajana): feria artesanal, romer\u00eda infantil, parrandas y m\u00e1s. &#8211; Eventos Gran Canaria<\/p>","slug":"fiestas-san-pedro-martir-el-doctoral","image":{"url":"https:\/\/calendarioeventos.com\/wp-content\/uploads\/2026\/04\/IMG_1031-724x1024-38aju2.avif","id":77184,"extension":"avif","width":724,"height":1024,"filesize":121186,"sizes":{"medium":{"width":212,"height":300,"mime-type":"image\/avif","filesize":30469,"sources":{"image\/avif":{"file":"IMG_1031-724x1024-38aju2-212x300.avif","filesize":30469}},"url":"https:\/\/calendarioeventos.com\/wp-content\/uploads\/2026\/04\/IMG_1031-724x1024-38aju2-212x300.avif"},"thumbnail":{"width":150,"height":150,"mime-type":"image\/avif","filesize":20576,"sources":{"image\/avif":{"file":"IMG_1031-724x1024-38aju2-150x150.avif","filesize":20576}},"url":"https:\/\/calendarioeventos.com\/wp-content\/uploads\/2026\/04\/IMG_1031-724x1024-38aju2-150x150.avif"},"trp-custom-language-flag":{"width":8,"height":12,"mime-type":"image\/avif","filesize":12938,"url":"https:\/\/calendarioeventos.com\/wp-content\/uploads\/2026\/04\/IMG_1031-724x1024-38aju2-8x12.avif"}},"original_image":"IMG_1031-724x1024-38aju2.jpg","dominant_color":"aa9493","sources":{"image\/avif":{"file":"IMG_1031-724x1024-38aju2.avif","filesize":121186}}},"all_day":false,"start_date":"2026-04-30 10:00:00","start_date_details":{"year":"2026","month":"04","day":"30","hour":"10","minutes":"00","seconds":"00"},"end_date":"2026-04-30 22:00:00","end_date_details":{"year":"2026","month":"04","day":"30","hour":"22","minutes":"00","seconds":"00"},"utc_start_date":"2026-04-30 09:00:00","utc_start_date_details":{"year":"2026","month":"04","day":"30","hour":"09","minutes":"00","seconds":"00"},"utc_end_date":"2026-04-30 21:00:00","utc_end_date_details":{"year":"2026","month":"04","day":"30","hour":"21","minutes":"00","seconds":"00"},"timezone":"Europe\/London","timezone_abbr":"BST","cost":"Free","cost_details":{"currency_symbol":"","currency_code":"","currency_position":"","values":["0.00"]},"website":"https:\/\/www.canariasfiestas.es\/2026\/04\/el-doctoral-santa-lucia-san-pedro-martir-2026.html","show_map":true,"show_map_link":true,"hide_from_listings":false,"sticky":false,"featured":false,"categories":[{"name":"Arte","slug":"arte","term_group":0,"term_taxonomy_id":41,"taxonomy":"tribe_events_cat","description":"","parent":39,"count":444,"filter":"raw","id":41,"urls":{"self":"https:\/\/calendarioeventos.com\/en\/wp-json\/tribe\/events\/v1\/categories\/41","collection":"https:\/\/calendarioeventos.com\/en\/wp-json\/tribe\/events\/v1\/categories","up":"https:\/\/calendarioeventos.com\/en\/wp-json\/tribe\/events\/v1\/categories\/39"}},{"name":"Entretenimiento","slug":"entretenimiento","term_group":0,"term_taxonomy_id":46,"taxonomy":"tribe_events_cat","description":"","parent":0,"count":1164,"filter":"raw","id":46,"urls":{"self":"https:\/\/calendarioeventos.com\/en\/wp-json\/tribe\/events\/v1\/categories\/46","collection":"https:\/\/calendarioeventos.com\/en\/wp-json\/tribe\/events\/v1\/categories"}},{"name":"Eventos gratuitos","slug":"eventos-gratuitos","term_group":0,"term_taxonomy_id":36,"taxonomy":"tribe_events_cat","description":"","parent":35,"count":3516,"filter":"raw","id":36,"urls":{"self":"https:\/\/calendarioeventos.com\/en\/wp-json\/tribe\/events\/v1\/categories\/36","collection":"https:\/\/calendarioeventos.com\/en\/wp-json\/tribe\/events\/v1\/categories","up":"https:\/\/calendarioeventos.com\/en\/wp-json\/tribe\/events\/v1\/categories\/35"}},{"name":"Feria","slug":"feria","term_group":0,"term_taxonomy_id":180,"taxonomy":"tribe_events_cat","description":"","parent":37,"count":113,"filter":"raw","id":180,"urls":{"self":"https:\/\/calendarioeventos.com\/en\/wp-json\/tribe\/events\/v1\/categories\/180","collection":"https:\/\/calendarioeventos.com\/en\/wp-json\/tribe\/events\/v1\/categories","up":"https:\/\/calendarioeventos.com\/en\/wp-json\/tribe\/events\/v1\/categories\/37"}},{"name":"Fiestas Populares","slug":"fiestas-populares","term_group":0,"term_taxonomy_id":170,"taxonomy":"tribe_events_cat","description":"","parent":46,"count":248,"filter":"raw","id":170,"urls":{"self":"https:\/\/calendarioeventos.com\/en\/wp-json\/tribe\/events\/v1\/categories\/170","collection":"https:\/\/calendarioeventos.com\/en\/wp-json\/tribe\/events\/v1\/categories","up":"https:\/\/calendarioeventos.com\/en\/wp-json\/tribe\/events\/v1\/categories\/46"}},{"name":"M\u00fasica","slug":"musica","term_group":0,"term_taxonomy_id":40,"taxonomy":"tribe_events_cat","description":"","parent":39,"count":2076,"filter":"raw","id":40,"urls":{"self":"https:\/\/calendarioeventos.com\/en\/wp-json\/tribe\/events\/v1\/categories\/40","collection":"https:\/\/calendarioeventos.com\/en\/wp-json\/tribe\/events\/v1\/categories","up":"https:\/\/calendarioeventos.com\/en\/wp-json\/tribe\/events\/v1\/categories\/39"}},{"name":"Santa Luc\u00eda de Tirajana","slug":"santa-lucia-de-tirajana","term_group":0,"term_taxonomy_id":69,"taxonomy":"tribe_events_cat","description":"","parent":50,"count":263,"filter":"raw","id":69,"urls":{"self":"https:\/\/calendarioeventos.com\/en\/wp-json\/tribe\/events\/v1\/categories\/69","collection":"https:\/\/calendarioeventos.com\/en\/wp-json\/tribe\/events\/v1\/categories","up":"https:\/\/calendarioeventos.com\/en\/wp-json\/tribe\/events\/v1\/categories\/50"}}],"tags":[{"name":"Artesan\u00eda","slug":"artesania","term_group":0,"term_taxonomy_id":27,"taxonomy":"post_tag","description":"","parent":0,"count":60,"filter":"raw","id":27,"urls":{"self":"https:\/\/calendarioeventos.com\/en\/wp-json\/tribe\/events\/v1\/tags\/27","collection":"https:\/\/calendarioeventos.com\/en\/wp-json\/tribe\/events\/v1\/tags"}},{"name":"El Doctoral","slug":"el-doctoral","term_group":0,"term_taxonomy_id":416,"taxonomy":"post_tag","description":"","parent":0,"count":1,"filter":"raw","id":416,"urls":{"self":"https:\/\/calendarioeventos.com\/en\/wp-json\/tribe\/events\/v1\/tags\/416","collection":"https:\/\/calendarioeventos.com\/en\/wp-json\/tribe\/events\/v1\/tags"}},{"name":"Feria","slug":"feria","term_group":0,"term_taxonomy_id":179,"taxonomy":"post_tag","description":"","parent":0,"count":99,"filter":"raw","id":179,"urls":{"self":"https:\/\/calendarioeventos.com\/en\/wp-json\/tribe\/events\/v1\/tags\/179","collection":"https:\/\/calendarioeventos.com\/en\/wp-json\/tribe\/events\/v1\/tags"}},{"name":"Fiestas Populares","slug":"fiestas-populares","term_group":0,"term_taxonomy_id":750,"taxonomy":"post_tag","description":"","parent":0,"count":37,"filter":"raw","id":750,"urls":{"self":"https:\/\/calendarioeventos.com\/en\/wp-json\/tribe\/events\/v1\/tags\/750","collection":"https:\/\/calendarioeventos.com\/en\/wp-json\/tribe\/events\/v1\/tags"}},{"name":"Folklore","slug":"folklore","term_group":0,"term_taxonomy_id":196,"taxonomy":"post_tag","description":"","parent":0,"count":102,"filter":"raw","id":196,"urls":{"self":"https:\/\/calendarioeventos.com\/en\/wp-json\/tribe\/events\/v1\/tags\/196","collection":"https:\/\/calendarioeventos.com\/en\/wp-json\/tribe\/events\/v1\/tags"}},{"name":"Gran Canaria","slug":"gran-canaria","term_group":0,"term_taxonomy_id":30,"taxonomy":"post_tag","description":"","parent":0,"count":5381,"filter":"raw","id":30,"urls":{"self":"https:\/\/calendarioeventos.com\/en\/wp-json\/tribe\/events\/v1\/tags\/30","collection":"https:\/\/calendarioeventos.com\/en\/wp-json\/tribe\/events\/v1\/tags"}},{"name":"Gratis","slug":"gratis","term_group":0,"term_taxonomy_id":31,"taxonomy":"post_tag","description":"","parent":0,"count":3392,"filter":"raw","id":31,"urls":{"self":"https:\/\/calendarioeventos.com\/en\/wp-json\/tribe\/events\/v1\/tags\/31","collection":"https:\/\/calendarioeventos.com\/en\/wp-json\/tribe\/events\/v1\/tags"}},{"name":"M\u00fasica","slug":"musica","term_group":0,"term_taxonomy_id":33,"taxonomy":"post_tag","description":"","parent":0,"count":2249,"filter":"raw","id":33,"urls":{"self":"https:\/\/calendarioeventos.com\/en\/wp-json\/tribe\/events\/v1\/tags\/33","collection":"https:\/\/calendarioeventos.com\/en\/wp-json\/tribe\/events\/v1\/tags"}},{"name":"Santa Luc\u00eda","slug":"santa-lucia","term_group":0,"term_taxonomy_id":67,"taxonomy":"post_tag","description":"","parent":0,"count":240,"filter":"raw","id":67,"urls":{"self":"https:\/\/calendarioeventos.com\/en\/wp-json\/tribe\/events\/v1\/tags\/67","collection":"https:\/\/calendarioeventos.com\/en\/wp-json\/tribe\/events\/v1\/tags"}}],"venue":{"id":2423,"author":"1","status":"publish","date":"2025-04-23 00:00:00","date_utc":"2025-04-22 23:00:00","modified":"2025-04-23 00:00:00","modified_utc":"2025-04-22 23:00:00","url":"https:\/\/calendarioeventos.com\/en\/venue\/el-doctoral\/","venue":"El Doctoral","slug":"el-doctoral","address":"35110 Las Palmas","json_ld":{"@type":"Place","name":"El Doctoral","description":"","url":"https:\/\/calendarioeventos.com\/en\/venue\/el-doctoral\/","address":{"@type":"PostalAddress","streetAddress":"35110 Las Palmas"},"telephone":"","sameAs":""},"show_map":true,"show_map_link":true,"global_id":"calendarioeventos.com\/en?id=2423","global_id_lineage":["calendarioeventos.com\/en?id=2423"]},"organizer":[],"custom_fields":[],"json_ld":{"@context":"http:\/\/schema.org","@type":"Event","name":"Fiestas &#8211; San Pedro M\u00e1rtir &#8211; El Doctoral","description":"&lt;p&gt;D\u00eda de la Tradici\u00f3n y la Cultura en El Doctoral (Santa Luc\u00eda de Tirajana): feria artesanal, romer\u00eda infantil, parrandas y m\u00e1s. - Eventos Gran Canaria&lt;\/p&gt;\\n","image":"https:\/\/calendarioeventos.com\/wp-content\/uploads\/2026\/04\/IMG_1031-724x1024-38aju2.avif","url":"https:\/\/calendarioeventos.com\/en\/evento\/fiestas-san-pedro-martir-el-doctoral\/","eventAttendanceMode":"https:\/\/schema.org\/OfflineEventAttendanceMode","eventStatus":"https:\/\/schema.org\/EventScheduled","startDate":"2026-04-30T10:00:00+01:00","endDate":"2026-04-30T22:00:00+01:00","location":{"@type":"Place","name":"El Doctoral","description":"","url":"https:\/\/calendarioeventos.com\/en\/venue\/el-doctoral\/","address":{"@type":"PostalAddress","streetAddress":"35110 Las Palmas"},"telephone":"","sameAs":""},"offers":{"@type":"Offer","price":"0","priceCurrency":"EUR","url":"https:\/\/calendarioeventos.com\/en\/evento\/fiestas-san-pedro-martir-el-doctoral\/","category":"primary","availability":"inStock","validFrom":"1970-01-01T00:00:00+00:00"},"performer":"Organization"},"is_virtual":false,"virtual_url":null,"virtual_video_source":""}